{"id":983,"date":"2025-01-21T05:42:12","date_gmt":"2025-01-21T04:42:12","guid":{"rendered":"https:\/\/ilsovranista.com\/?p=983"},"modified":"2025-01-21T05:42:12","modified_gmt":"2025-01-21T04:42:12","slug":"difendiamo-chi-difende-gli-italiani-la-campagna-pro-forze-dellordine-della-lega","status":"publish","type":"post","link":"https:\/\/ilsovranista.com\/?p=983","title":{"rendered":"\u201cDifendiamo chi difende gli italiani\u201d. La campagna pro forze dell\u2019ordine della Lega"},"content":{"rendered":"<p data-tot=\"8\" data-current=\"0\" data-text=\"1245\">\u201cDifendiamo chi difende\u201d . E\u2019 il titolo della campagna a difesa di Carabinieri e Poliziotti lanciata on line e in piazza dalla Lega di Matteo Salvini che sabato e domenica prossima 25 e 26 gennaio vedr\u00e0 mobilitazioni e gazebo in tutta Italia. \u201cOgni giorno \u2013 afferma la Lega nel post sui social con cui annuncia la campagna di mobilitazione- le forze dell\u2019ordine rischiano la loro vita per la nostra sicurezza.<\/p>\n<div class=\"vsb-block fluid border position-relative d-md-flex p-3 pb-0 justify-content-center mb-5 \">\n<div id=\"veeplayer\">Difenderle \u00e8 dovere di tutti, ecco perch\u00e9 la Lega ha inserito nel ddl Sicurezza PROPOSTE (gi\u00e0 presentate e approvate alla Camera) a tutela degli agenti in divisa\u201d:-\u201cS\u00ec alle bodycam in servizio per trasparenza, verit\u00e0 e tutela da false accuse; -S\u00ec a una adeguata tutela legale di Forze dell\u2019Ordine, Militari e VV.F. nei procedimenti causati \u201cdall\u2019atto dovuto\u201d con una somma fino a 10mila euro per ogni fase processuale; S\u00ec a pene pi\u00f9 severe per i reati di violenza, minaccia e lesioni a un Pubblico Ufficiale, garantendo pi\u00f9 dignit\u00e0 e autorevolezza della divisa; S\u00ec a pene pi\u00f9 severe per impedire RIVOLTE in carcere e nei centri di accoglienza e trattenimento di immigrati. \u2013 avanti tutta per estendere l\u2019utilizzo del taser (la pistola elettrica) a tutte le Forze dell\u2019Ordine sul territorio nazionale\u201d.<\/div>\n<\/div>\n","protected":false},"excerpt":{"rendered":"<p>\u201cDifendiamo chi difende\u201d . E\u2019 il titolo della campagna a difesa di Carabinieri e Poliziotti lanciata on line e in piazza dalla Lega di Matteo Salvini che sabato e domenica prossima 25 e 26 gennaio vedr\u00e0 mobilitazioni e gazebo in tutta Italia. \u201cOgni giorno \u2013 afferma la Lega nel post sui social con cui annuncia [&hellip;]<\/p>\n","protected":false},"author":3,"featured_media":984,"comment_status":"open","ping_status":"closed","sticky":false,"template":"","format":"standard","meta":{"om_disable_all_campaigns":false,"_monsterinsights_skip_tracking":false,"_monsterinsights_sitenote_active":false,"_monsterinsights_sitenote_note":"","_monsterinsights_sitenote_category":0,"_uf_show_specific_survey":0,"_uf_disable_surveys":false,"footnotes":""},"categories":[1],"tags":[],"class_list":{"0":"post-983","1":"post","2":"type-post","3":"status-publish","4":"format-standard","5":"has-post-thumbnail","7":"category-senza-categoria"},"aioseo_notices":[],"_links":{"self":[{"href":"https:\/\/ilsovranista.com\/index.php?rest_route=\/wp\/v2\/posts\/983","targetHints":{"allow":["GET"]}}],"collection":[{"href":"https:\/\/ilsovranista.com\/index.php?rest_route=\/wp\/v2\/posts"}],"about":[{"href":"https:\/\/ilsovranista.com\/index.php?rest_route=\/wp\/v2\/types\/post"}],"author":[{"embeddable":true,"href":"https:\/\/ilsovranista.com\/index.php?rest_route=\/wp\/v2\/users\/3"}],"replies":[{"embeddable":true,"href":"https:\/\/ilsovranista.com\/index.php?rest_route=%2Fwp%2Fv2%2Fcomments&post=983"}],"version-history":[{"count":1,"href":"https:\/\/ilsovranista.com\/index.php?rest_route=\/wp\/v2\/posts\/983\/revisions"}],"predecessor-version":[{"id":985,"href":"https:\/\/ilsovranista.com\/index.php?rest_route=\/wp\/v2\/posts\/983\/revisions\/985"}],"wp:featuredmedia":[{"embeddable":true,"href":"https:\/\/ilsovranista.com\/index.php?rest_route=\/wp\/v2\/media\/984"}],"wp:attachment":[{"href":"https:\/\/ilsovranista.com\/index.php?rest_route=%2Fwp%2Fv2%2Fmedia&parent=983"}],"wp:term":[{"taxonomy":"category","embeddable":true,"href":"https:\/\/ilsovranista.com\/index.php?rest_route=%2Fwp%2Fv2%2Fcategories&post=983"},{"taxonomy":"post_tag","embeddable":true,"href":"https:\/\/ilsovranista.com\/index.php?rest_route=%2Fwp%2Fv2%2Ftags&post=983"}],"curies":[{"name":"wp","href":"https:\/\/api.w.org\/{rel}","templated":true}]}}