{"id":929,"date":"2025-01-18T21:03:17","date_gmt":"2025-01-18T20:03:17","guid":{"rendered":"https:\/\/ilsovranista.com\/?p=929"},"modified":"2025-01-18T21:05:33","modified_gmt":"2025-01-18T20:05:33","slug":"resistere-resistere-resistere-il-nuovo-motto-di-daniela-santanche","status":"publish","type":"post","link":"https:\/\/ilsovranista.com\/?p=929","title":{"rendered":"Resistere, resistere, resistere: il nuovo motto di Daniela Santanch\u00e9"},"content":{"rendered":"<p>di Carlo Tecce<\/p>\n<p>Fonte Corriere del Ticino<\/p>\n<p>Nessuno poteva immaginare che <strong>Daniela Santanch\u00e9<\/strong>, la \u00abDani\u00bb come la chiama Giorgia Meloni, la \u00abSanta\u00bb come la chiama qualche apostata, la \u00abSantadech\u00e9\u00bb come la chiama quel genio di Dagospia, la \u00abPitonessa\u00bb come la chiama il pubblico non animalista, ci fornisse una riproduzione autentica delle condizioni del giornalismo in Italia. La senatrice di Fratelli d\u2019Italia e ministra del Turismo \u00e8 ufficialmente imputata per falso in comunicazioni sociali nel filone Visibilia. Dovr\u00e0 affrontare un processo che si aprir\u00e0 a marzo a Milano. Luigi Ferrarella del Corriere della Sera, un fuoriclasse del settore, ci ricorda che a memoria, escluso Silvio Berlusconi, nelle diapositive della Repubblica non esiste un componente del governo rinviato a giudizio.<\/p>\n<p>Questa non \u00e8 l\u2019unica inchiesta, per\u00f2, che coinvolge Daniela Santanch\u00e9. C\u2019\u00e8 una seconda richiesta di rinvio a giudizio che pende presso il Tribunale di Milano e riguarda una ipotesi di truffa allo Stato su 126.000 euro di cassa integrazione a zero ore durante la pandemia per i dipendenti di Visibilia. Non \u00e8 finita. Perch\u00e9 la stessa ministra \u00e8 indagata per concorso in bancarotta della societ\u00e0 Ki Group. Con un quadro clinico-giudiziario del genere \u00e8 automatico, scontato, forse pleonastico, aspettarsi le dimissioni immediate dal governo in attesa di ulteriori sviluppi per le pesanti e molteplici accuse. Invece da un giorno sono in attivo schiere di esegeti, di Fra Tommaso da Celano che fu il primo e creativo biografo di San Francesco, di lettori di comunicati in filigrana, tutti arruolati a camuffare, riscrivere, addestrare i fatti per renderli pi\u00f9 docili e tentare, almeno per un po\u2019, di posticipare le dimissioni e i pericolosi rimpasti di governo. Ci si domanda, in parecchi retroscena sui giornali, se la coalizione di centrodestra possa sopportare uno o due rinvii a giudizi della ministra. Ci si domanda, esaminando i dettagli e sondando le fonti, che ne pensano dentro Fratelli d\u2019Italia, dentro Forza Italia, dentro la Lega di Salvini e anche in quella Lega che gli \u00e8 distante.<\/p>\n<p>Ci si domanda infine, stremati da tanto peregrinare mistico, se questa coalizione di governo possa ignorare le iniziative dei giudici di Milano e dunque avere scarsa sensibilit\u00e0 sul doppio tema giustizia\/legalit\u00e0. Per la risposta non bisogna andare troppo indietro nel tempo. \u00c8 sufficiente tornare a gioved\u00ec 16 gennaio 2025. Quando la Camera ha approvato la riforma costituzionale, firmata dal ministro Carlo Nordio, che stravolge l\u2019assetto del potere giudiziario e porta con s\u00e9 un sapore punitivo: strumentale separazione delle carriere fra giudici e pubblici ministeri col rischio che le nuove norme favoriscano il controllo dell\u2019esecutivo sui pm; frazionamento in tre del Consiglio superiore della magistratura, cio\u00e8 l\u2019organo di autogoverno, con estrazione a sorte dei suoi membri togati e laici negando di conseguenza il diritto di voto. La domanda corretta da farsi \u00e8 un\u2019altra: perch\u00e9 questa maggioranza di governo, divisa su molti argomenti e per\u00f2 compatta contro i giudici, dovrebbe spingere l\u2019imputata Santanch\u00e9 a immediate dimissioni? <strong>Resistere, resistere, resistere<\/strong>. <strong>Ch\u2019era il motto, per\u00f2, del compianto Francesco Saverio Borelli, il capo del pool di Mani Pulite.<\/strong><\/p>\n","protected":false},"excerpt":{"rendered":"<p>di Carlo Tecce Fonte Corriere del Ticino Nessuno poteva immaginare che Daniela Santanch\u00e9, la \u00abDani\u00bb come la chiama Giorgia Meloni, la \u00abSanta\u00bb come la chiama qualche apostata, la \u00abSantadech\u00e9\u00bb come la chiama quel genio di Dagospia, la \u00abPitonessa\u00bb come la chiama il pubblico non animalista, ci fornisse una riproduzione autentica delle condizioni del giornalismo in [&hellip;]<\/p>\n","protected":false},"author":3,"featured_media":930,"comment_status":"open","ping_status":"closed","sticky":false,"template":"","format":"standard","meta":{"om_disable_all_campaigns":false,"_monsterinsights_skip_tracking":false,"_monsterinsights_sitenote_active":false,"_monsterinsights_sitenote_note":"","_monsterinsights_sitenote_category":0,"_uf_show_specific_survey":0,"_uf_disable_surveys":false,"footnotes":""},"categories":[33],"tags":[],"class_list":{"0":"post-929","1":"post","2":"type-post","3":"status-publish","4":"format-standard","5":"has-post-thumbnail","7":"category-politica"},"aioseo_notices":[],"_links":{"self":[{"href":"https:\/\/ilsovranista.com\/index.php?rest_route=\/wp\/v2\/posts\/929","targetHints":{"allow":["GET"]}}],"collection":[{"href":"https:\/\/ilsovranista.com\/index.php?rest_route=\/wp\/v2\/posts"}],"about":[{"href":"https:\/\/ilsovranista.com\/index.php?rest_route=\/wp\/v2\/types\/post"}],"author":[{"embeddable":true,"href":"https:\/\/ilsovranista.com\/index.php?rest_route=\/wp\/v2\/users\/3"}],"replies":[{"embeddable":true,"href":"https:\/\/ilsovranista.com\/index.php?rest_route=%2Fwp%2Fv2%2Fcomments&post=929"}],"version-history":[{"count":1,"href":"https:\/\/ilsovranista.com\/index.php?rest_route=\/wp\/v2\/posts\/929\/revisions"}],"predecessor-version":[{"id":931,"href":"https:\/\/ilsovranista.com\/index.php?rest_route=\/wp\/v2\/posts\/929\/revisions\/931"}],"wp:featuredmedia":[{"embeddable":true,"href":"https:\/\/ilsovranista.com\/index.php?rest_route=\/wp\/v2\/media\/930"}],"wp:attachment":[{"href":"https:\/\/ilsovranista.com\/index.php?rest_route=%2Fwp%2Fv2%2Fmedia&parent=929"}],"wp:term":[{"taxonomy":"category","embeddable":true,"href":"https:\/\/ilsovranista.com\/index.php?rest_route=%2Fwp%2Fv2%2Fcategories&post=929"},{"taxonomy":"post_tag","embeddable":true,"href":"https:\/\/ilsovranista.com\/index.php?rest_route=%2Fwp%2Fv2%2Ftags&post=929"}],"curies":[{"name":"wp","href":"https:\/\/api.w.org\/{rel}","templated":true}]}}