{"id":884,"date":"2025-01-17T18:37:34","date_gmt":"2025-01-17T17:37:34","guid":{"rendered":"https:\/\/ilsovranista.com\/?p=884"},"modified":"2025-01-17T18:55:07","modified_gmt":"2025-01-17T17:55:07","slug":"falso-in-bilancio-il-ministro-santanche-a-processo","status":"publish","type":"post","link":"https:\/\/ilsovranista.com\/?p=884","title":{"rendered":"Falso in bilancio, il ministro Santanch\u00e9 a processo"},"content":{"rendered":"<p><strong>Daniela Santanch\u00e8<\/strong>, ministro del Turismo ed esponente di spicco di\u00a0<strong>Fratelli d&#8217;Italia<\/strong> con altre persone, \u00e8 stata rinviata a giudizio dalla gup Anna Magelli per false comunicazioni sociali in merito al caso <strong>Visibilia<\/strong>, una delle societ\u00e0 del gruppo da lei fondato e dal quale ha dismesso le cariche. Quello che si aprir\u00e0 a Milano \u00e8 il primo processo che la senatrice dovr\u00e0 affrontare in qualit\u00e0 di imprenditrice.<\/p>\n<p>Il processo a carico di<strong> Santanch\u00e9<\/strong> e dei co-imputati si aprir\u00e0 il prossimo 20 marzo davanti alla seconda sezione penale del Tribunale di Milano. La giudice ha dichiarato prescritte le imputazioni per gli anni dal 2016 al 2018 dichiarando in questo caso il non doversi procedere tra gli altri anche per la ministra.<\/p>\n","protected":false},"excerpt":{"rendered":"<p>Daniela Santanch\u00e8, ministro del Turismo ed esponente di spicco di\u00a0Fratelli d&#8217;Italia con altre persone, \u00e8 stata rinviata a giudizio dalla gup Anna Magelli per false comunicazioni sociali in merito al caso Visibilia, una delle societ\u00e0 del gruppo da lei fondato e dal quale ha dismesso le cariche. Quello che si aprir\u00e0 a Milano \u00e8 il [&hellip;]<\/p>\n","protected":false},"author":3,"featured_media":901,"comment_status":"open","ping_status":"closed","sticky":false,"template":"","format":"standard","meta":{"om_disable_all_campaigns":false,"_monsterinsights_skip_tracking":false,"_monsterinsights_sitenote_active":false,"_monsterinsights_sitenote_note":"","_monsterinsights_sitenote_category":0,"_uf_show_specific_survey":0,"_uf_disable_surveys":false,"footnotes":""},"categories":[33],"tags":[],"class_list":{"0":"post-884","1":"post","2":"type-post","3":"status-publish","4":"format-standard","5":"has-post-thumbnail","7":"category-politica"},"aioseo_notices":[],"_links":{"self":[{"href":"https:\/\/ilsovranista.com\/index.php?rest_route=\/wp\/v2\/posts\/884","targetHints":{"allow":["GET"]}}],"collection":[{"href":"https:\/\/ilsovranista.com\/index.php?rest_route=\/wp\/v2\/posts"}],"about":[{"href":"https:\/\/ilsovranista.com\/index.php?rest_route=\/wp\/v2\/types\/post"}],"author":[{"embeddable":true,"href":"https:\/\/ilsovranista.com\/index.php?rest_route=\/wp\/v2\/users\/3"}],"replies":[{"embeddable":true,"href":"https:\/\/ilsovranista.com\/index.php?rest_route=%2Fwp%2Fv2%2Fcomments&post=884"}],"version-history":[{"count":1,"href":"https:\/\/ilsovranista.com\/index.php?rest_route=\/wp\/v2\/posts\/884\/revisions"}],"predecessor-version":[{"id":887,"href":"https:\/\/ilsovranista.com\/index.php?rest_route=\/wp\/v2\/posts\/884\/revisions\/887"}],"wp:featuredmedia":[{"embeddable":true,"href":"https:\/\/ilsovranista.com\/index.php?rest_route=\/wp\/v2\/media\/901"}],"wp:attachment":[{"href":"https:\/\/ilsovranista.com\/index.php?rest_route=%2Fwp%2Fv2%2Fmedia&parent=884"}],"wp:term":[{"taxonomy":"category","embeddable":true,"href":"https:\/\/ilsovranista.com\/index.php?rest_route=%2Fwp%2Fv2%2Fcategories&post=884"},{"taxonomy":"post_tag","embeddable":true,"href":"https:\/\/ilsovranista.com\/index.php?rest_route=%2Fwp%2Fv2%2Ftags&post=884"}],"curies":[{"name":"wp","href":"https:\/\/api.w.org\/{rel}","templated":true}]}}