{"id":851,"date":"2025-01-16T20:15:29","date_gmt":"2025-01-16T19:15:29","guid":{"rendered":"https:\/\/ilsovranista.com\/?p=851"},"modified":"2025-01-16T20:15:29","modified_gmt":"2025-01-16T19:15:29","slug":"ue-borchia-lega-al-lavoro-su-green-deal-piu-realistico","status":"publish","type":"post","link":"https:\/\/ilsovranista.com\/?p=851","title":{"rendered":"Ue, Borchia (Lega): Al lavoro su green deal pi\u00f9 realistico"},"content":{"rendered":"<p>&#8220;E\u2019 un evento che si contestualizza in una fase di decollo della legislatura, perch\u00e9 se il Parlamento europeo ha gi\u00e0 iniziato a lavorare ormai da qualche mese, la Commissione Europea sta iniziando le sue attivit\u00e0. Come Commissione Europea formata da poche settimane devono ancora arrivare i primi file legislativi, quindi questo momento opportuno per iniziare a guardarsi in faccia e capire cosa vogliamo fare di questa legislatura. Una legislatura che \u00e8 importante per il sistema Italia, per quanto riguarda il tema clima ed energia. Una legislatura nella quale a mio modo di vedere il green deal dovr\u00e0 essere declinato in una maniera pi\u00f9 realistica pi\u00f9 alla portata dei territori, soprattutto cercando di non sacrificare la competitivit\u00e0. Un aspetto che al momento \u00e8 stato per quanto riguarda gli ultimi cinque anni \u00e8 stato molto sacrificato&#8221;.<\/p>\n<p>Lo dichiara\u00a0<strong>Paolo Borchia,\u00a0<\/strong>parlamentare europeo della Lega, a margine dell&#8217;annuale meeting di\u00a0Connact, la piattaforma di eventi che favorisce il confronto tra soggetti privati e istituzioni, che si \u00e8 tenuto ieri a Bruxelles.<\/p>\n","protected":false},"excerpt":{"rendered":"<p>&#8220;E\u2019 un evento che si contestualizza in una fase di decollo della legislatura, perch\u00e9 se il Parlamento europeo ha gi\u00e0 iniziato a lavorare ormai da qualche mese, la Commissione Europea sta iniziando le sue attivit\u00e0. Come Commissione Europea formata da poche settimane devono ancora arrivare i primi file legislativi, quindi questo momento opportuno per iniziare [&hellip;]<\/p>\n","protected":false},"author":3,"featured_media":852,"comment_status":"open","ping_status":"closed","sticky":false,"template":"","format":"standard","meta":{"om_disable_all_campaigns":false,"_monsterinsights_skip_tracking":false,"_monsterinsights_sitenote_active":false,"_monsterinsights_sitenote_note":"","_monsterinsights_sitenote_category":0,"_uf_show_specific_survey":0,"_uf_disable_surveys":false,"footnotes":""},"categories":[33],"tags":[],"class_list":{"0":"post-851","1":"post","2":"type-post","3":"status-publish","4":"format-standard","5":"has-post-thumbnail","7":"category-politica"},"aioseo_notices":[],"_links":{"self":[{"href":"https:\/\/ilsovranista.com\/index.php?rest_route=\/wp\/v2\/posts\/851","targetHints":{"allow":["GET"]}}],"collection":[{"href":"https:\/\/ilsovranista.com\/index.php?rest_route=\/wp\/v2\/posts"}],"about":[{"href":"https:\/\/ilsovranista.com\/index.php?rest_route=\/wp\/v2\/types\/post"}],"author":[{"embeddable":true,"href":"https:\/\/ilsovranista.com\/index.php?rest_route=\/wp\/v2\/users\/3"}],"replies":[{"embeddable":true,"href":"https:\/\/ilsovranista.com\/index.php?rest_route=%2Fwp%2Fv2%2Fcomments&post=851"}],"version-history":[{"count":1,"href":"https:\/\/ilsovranista.com\/index.php?rest_route=\/wp\/v2\/posts\/851\/revisions"}],"predecessor-version":[{"id":853,"href":"https:\/\/ilsovranista.com\/index.php?rest_route=\/wp\/v2\/posts\/851\/revisions\/853"}],"wp:featuredmedia":[{"embeddable":true,"href":"https:\/\/ilsovranista.com\/index.php?rest_route=\/wp\/v2\/media\/852"}],"wp:attachment":[{"href":"https:\/\/ilsovranista.com\/index.php?rest_route=%2Fwp%2Fv2%2Fmedia&parent=851"}],"wp:term":[{"taxonomy":"category","embeddable":true,"href":"https:\/\/ilsovranista.com\/index.php?rest_route=%2Fwp%2Fv2%2Fcategories&post=851"},{"taxonomy":"post_tag","embeddable":true,"href":"https:\/\/ilsovranista.com\/index.php?rest_route=%2Fwp%2Fv2%2Ftags&post=851"}],"curies":[{"name":"wp","href":"https:\/\/api.w.org\/{rel}","templated":true}]}}