{"id":845,"date":"2025-01-16T20:09:06","date_gmt":"2025-01-16T19:09:06","guid":{"rendered":"https:\/\/ilsovranista.com\/?p=845"},"modified":"2025-01-16T20:09:06","modified_gmt":"2025-01-16T19:09:06","slug":"mai-imputata-per-vibratori-montaruli-fdi-denuncia-fake-news-e-cattiveria","status":"publish","type":"post","link":"https:\/\/ilsovranista.com\/?p=845","title":{"rendered":"\u201cMai imputata per vibratori\u201d, Montaruli (Fdi) denuncia \u201cfake news e cattiveria\u201d"},"content":{"rendered":"<p>Non \u00e8 lei quella finita nei guai per aver comprato vibratori con i soldi della Regione, piuttosto quella storia riguardava un collega del Partito democratico\u2026ma \u00e8 lei la vittima di fake news e cattiveria. <strong>Augusta Montaruli<\/strong>, deputato torinese di <strong>Fratelli d\u2019Italia<\/strong>, dai suoi profili social racconta di essere vittima di una campagna diffamatoria contro cui non intende per\u00f2 dichiarare la resa.<br \/>\n\u201cHo appena provveduto, dichiara\u00a0<strong>Montaruli<\/strong>,\u00a0a sporgere querela verso chi sta diffondendo ancora una volta in queste ore notizie false nei miei confronti. Tale cattiveria sta ingenerando in me un fortissimo turbamento modificando e limitando la mia vita pubblica e privata. Per questo non intendo smettere di difendermi\u201d.<\/p>\n<p>&#8220;Non auguro a nessuno quanto sto subendo ingiustamente, precisa Montaruli, come non mi sono mai sottratta dalle mie responsabilit\u00e0, non intendo neanche fare un passo indietro in quella che \u00e8 la mia battaglia&#8221;.<\/p>\n<p>E poi, in riferimento a quello di cui sarebbe ingiustamente accusata, chiarisce: &#8220;in ogni caso sappiate che chi \u00e9 stato accusato di aver acquistato vibratori con i soldi della Regione era un consigliere regionale del Pd, che \u00e8 stato assolto. Mentre io non sono mai stata imputata n\u00e9 per questo oggetto, n\u00e9 per un qualsiasi libro. Traete voi le vostre conclusioni&#8221;.<\/p>\n","protected":false},"excerpt":{"rendered":"<p>Non \u00e8 lei quella finita nei guai per aver comprato vibratori con i soldi della Regione, piuttosto quella storia riguardava un collega del Partito democratico\u2026ma \u00e8 lei la vittima di fake news e cattiveria. Augusta Montaruli, deputato torinese di Fratelli d\u2019Italia, dai suoi profili social racconta di essere vittima di una campagna diffamatoria contro cui [&hellip;]<\/p>\n","protected":false},"author":3,"featured_media":846,"comment_status":"open","ping_status":"closed","sticky":false,"template":"","format":"standard","meta":{"om_disable_all_campaigns":false,"_monsterinsights_skip_tracking":false,"_monsterinsights_sitenote_active":false,"_monsterinsights_sitenote_note":"","_monsterinsights_sitenote_category":0,"_uf_show_specific_survey":0,"_uf_disable_surveys":false,"footnotes":""},"categories":[33],"tags":[],"class_list":{"0":"post-845","1":"post","2":"type-post","3":"status-publish","4":"format-standard","5":"has-post-thumbnail","7":"category-politica"},"aioseo_notices":[],"_links":{"self":[{"href":"https:\/\/ilsovranista.com\/index.php?rest_route=\/wp\/v2\/posts\/845","targetHints":{"allow":["GET"]}}],"collection":[{"href":"https:\/\/ilsovranista.com\/index.php?rest_route=\/wp\/v2\/posts"}],"about":[{"href":"https:\/\/ilsovranista.com\/index.php?rest_route=\/wp\/v2\/types\/post"}],"author":[{"embeddable":true,"href":"https:\/\/ilsovranista.com\/index.php?rest_route=\/wp\/v2\/users\/3"}],"replies":[{"embeddable":true,"href":"https:\/\/ilsovranista.com\/index.php?rest_route=%2Fwp%2Fv2%2Fcomments&post=845"}],"version-history":[{"count":1,"href":"https:\/\/ilsovranista.com\/index.php?rest_route=\/wp\/v2\/posts\/845\/revisions"}],"predecessor-version":[{"id":847,"href":"https:\/\/ilsovranista.com\/index.php?rest_route=\/wp\/v2\/posts\/845\/revisions\/847"}],"wp:featuredmedia":[{"embeddable":true,"href":"https:\/\/ilsovranista.com\/index.php?rest_route=\/wp\/v2\/media\/846"}],"wp:attachment":[{"href":"https:\/\/ilsovranista.com\/index.php?rest_route=%2Fwp%2Fv2%2Fmedia&parent=845"}],"wp:term":[{"taxonomy":"category","embeddable":true,"href":"https:\/\/ilsovranista.com\/index.php?rest_route=%2Fwp%2Fv2%2Fcategories&post=845"},{"taxonomy":"post_tag","embeddable":true,"href":"https:\/\/ilsovranista.com\/index.php?rest_route=%2Fwp%2Fv2%2Ftags&post=845"}],"curies":[{"name":"wp","href":"https:\/\/api.w.org\/{rel}","templated":true}]}}