{"id":833,"date":"2025-01-16T18:48:44","date_gmt":"2025-01-16T17:48:44","guid":{"rendered":"https:\/\/ilsovranista.com\/?p=833"},"modified":"2025-01-16T18:48:44","modified_gmt":"2025-01-16T17:48:44","slug":"minori-giorgianni-fdi-tutelarli-sempre-oltre-la-cronaca-giudiziaria","status":"publish","type":"post","link":"https:\/\/ilsovranista.com\/?p=833","title":{"rendered":"Minori, Giorgianni (FdI): tutelarli sempre, oltre la cronaca giudiziaria"},"content":{"rendered":"<p>\u201cLa vicenda di <strong>Ana Zahirovic<\/strong>, madre di dieci figli e borseggiatrice seriale, non \u00e8 solo una questione di sicurezza o giustizia penale. Dietro ai suoi quasi 150 furti e alla condanna a 30 anni di reclusione si nasconde un problema ancora pi\u00f9 grave e inquietante: il benessere dei suoi figli. La maternit\u00e0 non pu\u00f3 essere strumentalizzata, occorre che chi di dovere possa intervenire per tutelare i minori coinvolti. Come \u00e8 possibile che con un comportamento chiaramente incompatibile con il ruolo genitoriale, gli assistenti sociali territoriali non abbiano valutato le condizioni di questi bambini e l\u2019idoneit\u00e0 di questa donna ad allevarli? Questi minori stanno crescendo in un contesto segnato dall\u2019illegalit\u00e0, dove i loro diritti fondamentali \u2013 il diritto a un ambiente stabile, educativo e sicuro \u2013 vengono palesemente violati proprio dalla madre. \u00c8 una riflessione che va ben oltre il tema della sicurezza. A mio avviso gli assistenti sociali dovrebbero attivarsi per valutare la situazione familiare di questi bambini e garantire loro un futuro migliore. Non possiamo permettere che l\u2019interesse dei minori venga oscurato dalle vicende giudiziarie degli adulti. Qui non si tratta solo della sicurezza dei cittadini, ma anche del benessere di questi bambini\u201d.<\/p>\n<p>Lo dichiara in una nota, diffusa alla stampa, <strong>Letizia<\/strong> <strong>Giorgianni<\/strong>, deputato di Fratelli d&#8217;Italia<\/p>\n","protected":false},"excerpt":{"rendered":"<p>\u201cLa vicenda di Ana Zahirovic, madre di dieci figli e borseggiatrice seriale, non \u00e8 solo una questione di sicurezza o giustizia penale. Dietro ai suoi quasi 150 furti e alla condanna a 30 anni di reclusione si nasconde un problema ancora pi\u00f9 grave e inquietante: il benessere dei suoi figli. La maternit\u00e0 non pu\u00f3 essere [&hellip;]<\/p>\n","protected":false},"author":3,"featured_media":834,"comment_status":"open","ping_status":"closed","sticky":false,"template":"","format":"standard","meta":{"om_disable_all_campaigns":false,"_monsterinsights_skip_tracking":false,"_monsterinsights_sitenote_active":false,"_monsterinsights_sitenote_note":"","_monsterinsights_sitenote_category":0,"_uf_show_specific_survey":0,"_uf_disable_surveys":false,"footnotes":""},"categories":[33],"tags":[],"class_list":{"0":"post-833","1":"post","2":"type-post","3":"status-publish","4":"format-standard","5":"has-post-thumbnail","7":"category-politica"},"aioseo_notices":[],"_links":{"self":[{"href":"https:\/\/ilsovranista.com\/index.php?rest_route=\/wp\/v2\/posts\/833","targetHints":{"allow":["GET"]}}],"collection":[{"href":"https:\/\/ilsovranista.com\/index.php?rest_route=\/wp\/v2\/posts"}],"about":[{"href":"https:\/\/ilsovranista.com\/index.php?rest_route=\/wp\/v2\/types\/post"}],"author":[{"embeddable":true,"href":"https:\/\/ilsovranista.com\/index.php?rest_route=\/wp\/v2\/users\/3"}],"replies":[{"embeddable":true,"href":"https:\/\/ilsovranista.com\/index.php?rest_route=%2Fwp%2Fv2%2Fcomments&post=833"}],"version-history":[{"count":1,"href":"https:\/\/ilsovranista.com\/index.php?rest_route=\/wp\/v2\/posts\/833\/revisions"}],"predecessor-version":[{"id":835,"href":"https:\/\/ilsovranista.com\/index.php?rest_route=\/wp\/v2\/posts\/833\/revisions\/835"}],"wp:featuredmedia":[{"embeddable":true,"href":"https:\/\/ilsovranista.com\/index.php?rest_route=\/wp\/v2\/media\/834"}],"wp:attachment":[{"href":"https:\/\/ilsovranista.com\/index.php?rest_route=%2Fwp%2Fv2%2Fmedia&parent=833"}],"wp:term":[{"taxonomy":"category","embeddable":true,"href":"https:\/\/ilsovranista.com\/index.php?rest_route=%2Fwp%2Fv2%2Fcategories&post=833"},{"taxonomy":"post_tag","embeddable":true,"href":"https:\/\/ilsovranista.com\/index.php?rest_route=%2Fwp%2Fv2%2Ftags&post=833"}],"curies":[{"name":"wp","href":"https:\/\/api.w.org\/{rel}","templated":true}]}}