{"id":816,"date":"2025-01-15T05:51:37","date_gmt":"2025-01-15T04:51:37","guid":{"rendered":"https:\/\/ilsovranista.com\/?p=816"},"modified":"2025-01-15T05:54:18","modified_gmt":"2025-01-15T04:54:18","slug":"ue-meloni-lascia-la-guida-dei-conservatori-morawiecki-e-il-nuovo-presidente","status":"publish","type":"post","link":"https:\/\/ilsovranista.com\/?p=816","title":{"rendered":"Ue, Meloni lascia la guida dei Conservatori: Morawiecki \u00e8 il nuovo presidente"},"content":{"rendered":"<p>L&#8217;ex premier polacco <strong>Mateusz Morawiecki<\/strong> \u00e8 stato eletto presidente del partito europeo dei Conservatori e riformisti. Morawiecki \u00e8 stato votato all&#8217;unanimit\u00e0 dal consiglio di Ecr riunito a Bruxelles. Tre, invece, i vicepresidenti eletti: <strong>Carlo<\/strong> <strong>Fidanza<\/strong> di Fratelli d&#8217;Italia, la francese <strong>Marion Marechal<\/strong> di Identit\u00e8-Libert\u00e8s e il romeno<strong> George Simion<\/strong> dell&#8217;Alleanza per l&#8217;unione dei romeni. Antonio Giordano \u00e8 stato confermato come segretario generale del partito, mentre il presidente del gruppo di Ecr al Parlamento europeo, Nicola Procaccini, \u00e8 stato eletto presidente della fondazione politica New Direction, think tank del partito.<\/p>\n<p>&#8220;E&#8217; tempo che qualcun altro guidi la nostra famiglia politica. E sono davvero felice che il mio amico Mateusz Morawiecki abbia deciso di raccogliere questa testimonianza e di essere il prossimo presidente del partito Ecr&#8221;. Lo ha dichiarato &#8211; a quanto si apprende &#8211; la presidente del Consiglio, Giorgia Meloni, nel suo intervento alla riunione del Partito Ecr. &#8220;E&#8217; un politico di valore e un uomo leale, ha l&#8217;alto livello necessario per rappresentare al meglio il nostro messaggio all&#8217;estero, ha l&#8217;esperienza giusta per guidare e gestire il nostro partito, insieme ai vicepresidenti che eleggerete e a tutti i membri del Consiglio. Sono convinta che sia la migliore scelta possibile e gli faccio i miei migliori auguri<\/p>\n","protected":false},"excerpt":{"rendered":"<p>L&#8217;ex premier polacco Mateusz Morawiecki \u00e8 stato eletto presidente del partito europeo dei Conservatori e riformisti. Morawiecki \u00e8 stato votato all&#8217;unanimit\u00e0 dal consiglio di Ecr riunito a Bruxelles. Tre, invece, i vicepresidenti eletti: Carlo Fidanza di Fratelli d&#8217;Italia, la francese Marion Marechal di Identit\u00e8-Libert\u00e8s e il romeno George Simion dell&#8217;Alleanza per l&#8217;unione dei romeni. Antonio [&hellip;]<\/p>\n","protected":false},"author":3,"featured_media":556,"comment_status":"open","ping_status":"closed","sticky":false,"template":"","format":"standard","meta":{"om_disable_all_campaigns":false,"_monsterinsights_skip_tracking":false,"_monsterinsights_sitenote_active":false,"_monsterinsights_sitenote_note":"","_monsterinsights_sitenote_category":0,"_uf_show_specific_survey":0,"_uf_disable_surveys":false,"footnotes":""},"categories":[1],"tags":[],"class_list":{"0":"post-816","1":"post","2":"type-post","3":"status-publish","4":"format-standard","5":"has-post-thumbnail","7":"category-senza-categoria"},"aioseo_notices":[],"_links":{"self":[{"href":"https:\/\/ilsovranista.com\/index.php?rest_route=\/wp\/v2\/posts\/816","targetHints":{"allow":["GET"]}}],"collection":[{"href":"https:\/\/ilsovranista.com\/index.php?rest_route=\/wp\/v2\/posts"}],"about":[{"href":"https:\/\/ilsovranista.com\/index.php?rest_route=\/wp\/v2\/types\/post"}],"author":[{"embeddable":true,"href":"https:\/\/ilsovranista.com\/index.php?rest_route=\/wp\/v2\/users\/3"}],"replies":[{"embeddable":true,"href":"https:\/\/ilsovranista.com\/index.php?rest_route=%2Fwp%2Fv2%2Fcomments&post=816"}],"version-history":[{"count":1,"href":"https:\/\/ilsovranista.com\/index.php?rest_route=\/wp\/v2\/posts\/816\/revisions"}],"predecessor-version":[{"id":819,"href":"https:\/\/ilsovranista.com\/index.php?rest_route=\/wp\/v2\/posts\/816\/revisions\/819"}],"wp:featuredmedia":[{"embeddable":true,"href":"https:\/\/ilsovranista.com\/index.php?rest_route=\/wp\/v2\/media\/556"}],"wp:attachment":[{"href":"https:\/\/ilsovranista.com\/index.php?rest_route=%2Fwp%2Fv2%2Fmedia&parent=816"}],"wp:term":[{"taxonomy":"category","embeddable":true,"href":"https:\/\/ilsovranista.com\/index.php?rest_route=%2Fwp%2Fv2%2Fcategories&post=816"},{"taxonomy":"post_tag","embeddable":true,"href":"https:\/\/ilsovranista.com\/index.php?rest_route=%2Fwp%2Fv2%2Ftags&post=816"}],"curies":[{"name":"wp","href":"https:\/\/api.w.org\/{rel}","templated":true}]}}