{"id":813,"date":"2025-01-15T05:38:57","date_gmt":"2025-01-15T04:38:57","guid":{"rendered":"https:\/\/ilsovranista.com\/?p=813"},"modified":"2025-01-15T05:38:57","modified_gmt":"2025-01-15T04:38:57","slug":"caos-trasporti-schlein-pd-salvini-pensa-al-viminale-ma-anche-meloni-responsabile","status":"publish","type":"post","link":"https:\/\/ilsovranista.com\/?p=813","title":{"rendered":"Caos trasporti, Schlein (Pd): Salvini pensa al Viminale ma anche Meloni responsabile"},"content":{"rendered":"<p>L&#8217;unico spostamento che interessa a <strong>Salvini<\/strong> \u00e8 il suo al Viminale ma la responsabilit\u00e0 \u00e8 anche di <strong>Giorgia Melon<\/strong>i&#8221;. Lo dice <strong>Elly Schlein <\/strong>segretario nazionale del <strong>Partito Democratica <\/strong>\u00a0a Di Marted\u00ec su La7 mostrando la stampata dei ritardi oggi a stazione Termini. &#8220;Meloni sar\u00e0 ricordata come quella che, quando era al governo, non c&#8217;era un treno che non arrivava in ritardo&#8221;.<\/p>\n","protected":false},"excerpt":{"rendered":"<p>L&#8217;unico spostamento che interessa a Salvini \u00e8 il suo al Viminale ma la responsabilit\u00e0 \u00e8 anche di Giorgia Meloni&#8221;. Lo dice Elly Schlein segretario nazionale del Partito Democratica \u00a0a Di Marted\u00ec su La7 mostrando la stampata dei ritardi oggi a stazione Termini. &#8220;Meloni sar\u00e0 ricordata come quella che, quando era al governo, non c&#8217;era un [&hellip;]<\/p>\n","protected":false},"author":3,"featured_media":814,"comment_status":"open","ping_status":"closed","sticky":false,"template":"","format":"standard","meta":{"om_disable_all_campaigns":false,"_monsterinsights_skip_tracking":false,"_monsterinsights_sitenote_active":false,"_monsterinsights_sitenote_note":"","_monsterinsights_sitenote_category":0,"_uf_show_specific_survey":0,"_uf_disable_surveys":false,"footnotes":""},"categories":[33],"tags":[],"class_list":{"0":"post-813","1":"post","2":"type-post","3":"status-publish","4":"format-standard","5":"has-post-thumbnail","7":"category-politica"},"aioseo_notices":[],"_links":{"self":[{"href":"https:\/\/ilsovranista.com\/index.php?rest_route=\/wp\/v2\/posts\/813","targetHints":{"allow":["GET"]}}],"collection":[{"href":"https:\/\/ilsovranista.com\/index.php?rest_route=\/wp\/v2\/posts"}],"about":[{"href":"https:\/\/ilsovranista.com\/index.php?rest_route=\/wp\/v2\/types\/post"}],"author":[{"embeddable":true,"href":"https:\/\/ilsovranista.com\/index.php?rest_route=\/wp\/v2\/users\/3"}],"replies":[{"embeddable":true,"href":"https:\/\/ilsovranista.com\/index.php?rest_route=%2Fwp%2Fv2%2Fcomments&post=813"}],"version-history":[{"count":1,"href":"https:\/\/ilsovranista.com\/index.php?rest_route=\/wp\/v2\/posts\/813\/revisions"}],"predecessor-version":[{"id":815,"href":"https:\/\/ilsovranista.com\/index.php?rest_route=\/wp\/v2\/posts\/813\/revisions\/815"}],"wp:featuredmedia":[{"embeddable":true,"href":"https:\/\/ilsovranista.com\/index.php?rest_route=\/wp\/v2\/media\/814"}],"wp:attachment":[{"href":"https:\/\/ilsovranista.com\/index.php?rest_route=%2Fwp%2Fv2%2Fmedia&parent=813"}],"wp:term":[{"taxonomy":"category","embeddable":true,"href":"https:\/\/ilsovranista.com\/index.php?rest_route=%2Fwp%2Fv2%2Fcategories&post=813"},{"taxonomy":"post_tag","embeddable":true,"href":"https:\/\/ilsovranista.com\/index.php?rest_route=%2Fwp%2Fv2%2Ftags&post=813"}],"curies":[{"name":"wp","href":"https:\/\/api.w.org\/{rel}","templated":true}]}}