{"id":794,"date":"2025-01-14T18:28:49","date_gmt":"2025-01-14T17:28:49","guid":{"rendered":"https:\/\/ilsovranista.com\/?p=794"},"modified":"2025-01-14T18:28:49","modified_gmt":"2025-01-14T17:28:49","slug":"terzo-mandato-nappi-lega-de-luca-e-pd-campioni-assoluti-di-politica-politicante","status":"publish","type":"post","link":"https:\/\/ilsovranista.com\/?p=794","title":{"rendered":"Terzo mandato, Nappi (Lega): De Luca e Pd? Campioni assoluti di politica politicante"},"content":{"rendered":"<p>&#8221; <strong>De Luca<\/strong> annuncia di aver convocato i capigruppo della sua coalizione e ribadisce che \u2018andr\u00e0 avanti\u2019. Al riguardo, torno a domandare a lui e al Pd: a nome di chi parla il presidente pro tempore della Campania? A nome suo, del suo nuovo partito, o dell\u2019intera coalizione? Perch\u00e9 se parla da leader di un nuovo soggetto politico, mi chiedo che cosa stia aspettando il Pd a sfiduciarlo e ad espellerlo. Se, invece, parla a nome della coalizione, \u00e8 chiaro che gi\u00e0 hanno trovato un\u2019intesa. E in questo caso, se ancora conservano un briciolo di dignit\u00e0, a dimettersi devono essere i \u2018capibastone\u2019 Dem, Schlein in testa. C\u2019\u00e8 spazio pure per un\u2019altra possibilit\u00e0: una trattativa sottobanco. Se cos\u00ec fosse, su quali \u2018affari\u2019 De Luca e il Pd si stanno mettendo d\u2019accordo? Al di l\u00e0 degli interrogativi resta una certezza: in questa stagione di mediocrit\u00e0, il primo posto sul podio della politica politicante se lo sono comunque gi\u00e0 aggiudicati loro&#8221;.<\/p>\n<p>Lo afferma <strong>Severino Nappi<\/strong>, capogruppo della <strong>Lega<\/strong> nel Consiglio regionale della Campania.<\/p>\n","protected":false},"excerpt":{"rendered":"<p>&#8221; De Luca annuncia di aver convocato i capigruppo della sua coalizione e ribadisce che \u2018andr\u00e0 avanti\u2019. Al riguardo, torno a domandare a lui e al Pd: a nome di chi parla il presidente pro tempore della Campania? A nome suo, del suo nuovo partito, o dell\u2019intera coalizione? Perch\u00e9 se parla da leader di un [&hellip;]<\/p>\n","protected":false},"author":3,"featured_media":762,"comment_status":"open","ping_status":"closed","sticky":false,"template":"","format":"standard","meta":{"om_disable_all_campaigns":false,"_monsterinsights_skip_tracking":false,"_monsterinsights_sitenote_active":false,"_monsterinsights_sitenote_note":"","_monsterinsights_sitenote_category":0,"_uf_show_specific_survey":0,"_uf_disable_surveys":false,"footnotes":""},"categories":[36],"tags":[],"class_list":{"0":"post-794","1":"post","2":"type-post","3":"status-publish","4":"format-standard","5":"has-post-thumbnail","7":"category-prima-i-territori"},"aioseo_notices":[],"_links":{"self":[{"href":"https:\/\/ilsovranista.com\/index.php?rest_route=\/wp\/v2\/posts\/794","targetHints":{"allow":["GET"]}}],"collection":[{"href":"https:\/\/ilsovranista.com\/index.php?rest_route=\/wp\/v2\/posts"}],"about":[{"href":"https:\/\/ilsovranista.com\/index.php?rest_route=\/wp\/v2\/types\/post"}],"author":[{"embeddable":true,"href":"https:\/\/ilsovranista.com\/index.php?rest_route=\/wp\/v2\/users\/3"}],"replies":[{"embeddable":true,"href":"https:\/\/ilsovranista.com\/index.php?rest_route=%2Fwp%2Fv2%2Fcomments&post=794"}],"version-history":[{"count":1,"href":"https:\/\/ilsovranista.com\/index.php?rest_route=\/wp\/v2\/posts\/794\/revisions"}],"predecessor-version":[{"id":795,"href":"https:\/\/ilsovranista.com\/index.php?rest_route=\/wp\/v2\/posts\/794\/revisions\/795"}],"wp:featuredmedia":[{"embeddable":true,"href":"https:\/\/ilsovranista.com\/index.php?rest_route=\/wp\/v2\/media\/762"}],"wp:attachment":[{"href":"https:\/\/ilsovranista.com\/index.php?rest_route=%2Fwp%2Fv2%2Fmedia&parent=794"}],"wp:term":[{"taxonomy":"category","embeddable":true,"href":"https:\/\/ilsovranista.com\/index.php?rest_route=%2Fwp%2Fv2%2Fcategories&post=794"},{"taxonomy":"post_tag","embeddable":true,"href":"https:\/\/ilsovranista.com\/index.php?rest_route=%2Fwp%2Fv2%2Ftags&post=794"}],"curies":[{"name":"wp","href":"https:\/\/api.w.org\/{rel}","templated":true}]}}