{"id":779,"date":"2025-01-14T05:02:34","date_gmt":"2025-01-14T04:02:34","guid":{"rendered":"https:\/\/ilsovranista.com\/?p=779"},"modified":"2025-01-14T05:14:49","modified_gmt":"2025-01-14T04:14:49","slug":"venetodtrappo-della-lega-con-fratelli-ditalia-pronti-a-correre-da-soli-alle-elezioni","status":"publish","type":"post","link":"https:\/\/ilsovranista.com\/?p=779","title":{"rendered":"Veneto, strappo della Lega con Fratelli d&#8217;Italia: &#8220;pronti a correre da soli alle elezioni&#8221;"},"content":{"rendered":"<p>Fonte ilgazzettino.it<\/p>\n<p>Nel sottofondo c&#8217;\u00e8 di tutto: il terzo mandato, il piano oncologico regionale. Ma soprattutto gli equilibri di potere tra i due schieramenti pi\u00f9 rappresentativi del centrodestra a Nordest, cio\u00e8 Fratelli d&#8217;Italia e Lega. E le tensioni si sono trasferite nelle ultime ore nell&#8217;ambito della campagna elettorale di Pordenone, con il voto che si avvicina sempre di pi\u00f9. Ad accendere la miccia, ieri, ci ha pensato la Lega. Due, i nomi pesanti che hanno firmato l&#8217;accelerazione: quello del senatore Marco Dreosto e quello del segretario regionale e sindaco di Cordenons, Andrea Delle Vedove.<\/p>\n<p>La sintesi? Il Carroccio sarebbe pronto &#8211; come extrema ratio &#8211; anche a correre da solo per il Municipio pordenonese. E quindi a sfilarsi dalla coalizione a sostegno del candidato Alessandro Basso, espressione di Fratelli d&#8217;Italia. Un&#8217;opzione reale oppure un contrappeso da mettere sulla bilancia generale del momento politico del centrodestra? Pi\u00f9 probabile che si tratti della seconda ipotesi, ma nelle stanze di Fratelli d&#8217;Italia quella di ieri \u00e8 stata una domenica ad alta temperatura.<\/p>\n<p><strong>COS&#8217;\u00c8 SUCCESSO<\/strong><br \/>\n\u00c8 successo tutto all&#8217;indomani della presentazione delle civiche di centrodestra a supporto di Alessandro Basso quale candidato sindaco di Pordenone. Un candidato che sulla carta \u00e8 condiviso, ma che ieri \u00e8 tornato al centro delle tattiche politiche leghiste. Il senatore spilimberghese <strong>Marco Dreosto<\/strong>, ad esempio, ha chiarito che la corsa di Basso come nome unico del centrodestra unito \u00abdovr\u00e0 passare dal tavolo politico regionale\u00bb.<\/p>\n<p>E quando si sposta la palla in regione, ecco che tornano a galla sia il dibattito rovente sul terzo mandato che la spaccatura politica relativa al riassetto della rete oncologica del Friuli Venezia Giulia, con Fratelli d&#8217;Italia in aperta critica nei confronti dell&#8217;asse Fedriga-Riccardi. A sganciare la &#8220;bomba&#8221;, per\u00f2, \u00e8 stato il segretario provinciale della Lega, il sindaco di Cordenons Andrea Delle Vedove. \u00abSe non si dovesse trovare la quadra in Regione &#8211; ha affermato ieri pomeriggio &#8211; noi della Lega saremmo pronti a correre anche da soli\u00bb. A Pordenone. Slegando il centrodestra. Una vera opzione sul tavolo? \u00abCi \u00e8 stato chiesto di valutare ogni scenario, compreso questo\u00bb, taglia corto il primo cittadino di Cordenons. \u00abE abbiamo gi\u00e0 un profilo\u00bb, ha aggiunto. Negli ambienti circola anche il nome di Simone Polesello, che \u00e8 stato eletto in Regione sotto le insegne della lista Fedriga Presidente.<\/p>\n<p>LA REPLICA<br \/>\nPer Fratelli d&#8217;Italia \u00e8 intervenuto il deputato <strong>Walter Rizzetto<\/strong>. E lo ha fatto con una dichiarazione laconica ma senza spazio per i dubbi. \u00abPenso che in seno all&#8217;incontro regionale chiuderemo tutti assieme convergendo sulla figura di Alessandro Basso\u00bb. Un incontro, che nella visione di Fratelli d&#8217;Italia, non dovr\u00e0 avere luogo pi\u00f9 in l\u00e0 di una settimana a partire da ieri. Sar\u00e0 quindi una questione di giorni. E si tratter\u00e0 di un vertice fiume, in cui tutte le anime del centrodestra regionale saranno chiamate ad un confronto a 360 gradi, che spazier\u00e0 dal futuro politico del Friuli Venezia Giulia (terzo mandato s\u00ec o no) al riassetto della sanit\u00e0. Con sullo sfondo il destino del Municipio di Pordenone.<\/p>\n","protected":false},"excerpt":{"rendered":"<p>Fonte ilgazzettino.it Nel sottofondo c&#8217;\u00e8 di tutto: il terzo mandato, il piano oncologico regionale. Ma soprattutto gli equilibri di potere tra i due schieramenti pi\u00f9 rappresentativi del centrodestra a Nordest, cio\u00e8 Fratelli d&#8217;Italia e Lega. E le tensioni si sono trasferite nelle ultime ore nell&#8217;ambito della campagna elettorale di Pordenone, con il voto che si [&hellip;]<\/p>\n","protected":false},"author":3,"featured_media":780,"comment_status":"open","ping_status":"closed","sticky":false,"template":"","format":"standard","meta":{"om_disable_all_campaigns":false,"_monsterinsights_skip_tracking":false,"_monsterinsights_sitenote_active":false,"_monsterinsights_sitenote_note":"","_monsterinsights_sitenote_category":0,"_uf_show_specific_survey":0,"_uf_disable_surveys":false,"footnotes":""},"categories":[36],"tags":[],"class_list":{"0":"post-779","1":"post","2":"type-post","3":"status-publish","4":"format-standard","5":"has-post-thumbnail","7":"category-prima-i-territori"},"aioseo_notices":[],"_links":{"self":[{"href":"https:\/\/ilsovranista.com\/index.php?rest_route=\/wp\/v2\/posts\/779","targetHints":{"allow":["GET"]}}],"collection":[{"href":"https:\/\/ilsovranista.com\/index.php?rest_route=\/wp\/v2\/posts"}],"about":[{"href":"https:\/\/ilsovranista.com\/index.php?rest_route=\/wp\/v2\/types\/post"}],"author":[{"embeddable":true,"href":"https:\/\/ilsovranista.com\/index.php?rest_route=\/wp\/v2\/users\/3"}],"replies":[{"embeddable":true,"href":"https:\/\/ilsovranista.com\/index.php?rest_route=%2Fwp%2Fv2%2Fcomments&post=779"}],"version-history":[{"count":3,"href":"https:\/\/ilsovranista.com\/index.php?rest_route=\/wp\/v2\/posts\/779\/revisions"}],"predecessor-version":[{"id":783,"href":"https:\/\/ilsovranista.com\/index.php?rest_route=\/wp\/v2\/posts\/779\/revisions\/783"}],"wp:featuredmedia":[{"embeddable":true,"href":"https:\/\/ilsovranista.com\/index.php?rest_route=\/wp\/v2\/media\/780"}],"wp:attachment":[{"href":"https:\/\/ilsovranista.com\/index.php?rest_route=%2Fwp%2Fv2%2Fmedia&parent=779"}],"wp:term":[{"taxonomy":"category","embeddable":true,"href":"https:\/\/ilsovranista.com\/index.php?rest_route=%2Fwp%2Fv2%2Fcategories&post=779"},{"taxonomy":"post_tag","embeddable":true,"href":"https:\/\/ilsovranista.com\/index.php?rest_route=%2Fwp%2Fv2%2Ftags&post=779"}],"curies":[{"name":"wp","href":"https:\/\/api.w.org\/{rel}","templated":true}]}}