{"id":771,"date":"2025-01-13T19:37:14","date_gmt":"2025-01-13T18:37:14","guid":{"rendered":"https:\/\/ilsovranista.com\/?p=771"},"modified":"2025-01-13T19:37:55","modified_gmt":"2025-01-13T18:37:55","slug":"regionali-veneto-la-mossa-di-calenda-sostegno-alla-lista-zaia-con-conte-presidente","status":"publish","type":"post","link":"https:\/\/ilsovranista.com\/?p=771","title":{"rendered":"Regionali Veneto, la mossa di Calenda: sostegno alla lista Zaia con Conte presidente"},"content":{"rendered":"<p><strong>\u00a0Carlo Calenda,\u00a0<\/strong>leader di <strong>Azione,<\/strong> come riporta il quotidiano economico Italia Oggi, sarebbe disposto ad appoggiare una lista Zaia che spaccasse il fronte del centrodestra e proponesse come candidato Mario Conte, sindaco di Treviso, da sempre nel cerchio magico zaiano. Conte \u00e8 categorico: \u00abIl Veneto \u00e8 della Lega, se Salvini si piega andremo da soli\u00bb. Del resto egli ha gi\u00e0 ricevuto l\u2019imprimatur da Zaia: \u00abConte non \u00e8 l\u2019erede di qualcuno ma lo stile amministrativo \u00e8 quello: lo stile del fare, della moderazione, della crucialit\u00e0 del dialogo. E lo dico anche con una visione di riscatto della classe dirigente. Poi ci chiediamo perch\u00e9 la gente non vota e l\u2019astensionismo cresce. Ma noi che messaggio trasmettiamo? Pare che i politici siano tutti ladri, i preti tutti pedofili e i magistrati tutti al soldo di qualcuno. Un paese che ragiona cos\u00ec non cresce ma mi chiedo anche: noi cosa facciamo per dire ai cittadini che se non c\u2019\u00e8 qualcuno che apre il municipio e l\u2019ospedale va tutto a rotoli?\u00bb.<\/p>\n","protected":false},"excerpt":{"rendered":"<p>\u00a0Carlo Calenda,\u00a0leader di Azione, come riporta il quotidiano economico Italia Oggi, sarebbe disposto ad appoggiare una lista Zaia che spaccasse il fronte del centrodestra e proponesse come candidato Mario Conte, sindaco di Treviso, da sempre nel cerchio magico zaiano. Conte \u00e8 categorico: \u00abIl Veneto \u00e8 della Lega, se Salvini si piega andremo da soli\u00bb. Del [&hellip;]<\/p>\n","protected":false},"author":3,"featured_media":772,"comment_status":"open","ping_status":"closed","sticky":false,"template":"","format":"standard","meta":{"om_disable_all_campaigns":false,"_monsterinsights_skip_tracking":false,"_monsterinsights_sitenote_active":false,"_monsterinsights_sitenote_note":"","_monsterinsights_sitenote_category":0,"_uf_show_specific_survey":0,"_uf_disable_surveys":false,"footnotes":""},"categories":[36],"tags":[],"class_list":{"0":"post-771","1":"post","2":"type-post","3":"status-publish","4":"format-standard","5":"has-post-thumbnail","7":"category-prima-i-territori"},"aioseo_notices":[],"_links":{"self":[{"href":"https:\/\/ilsovranista.com\/index.php?rest_route=\/wp\/v2\/posts\/771","targetHints":{"allow":["GET"]}}],"collection":[{"href":"https:\/\/ilsovranista.com\/index.php?rest_route=\/wp\/v2\/posts"}],"about":[{"href":"https:\/\/ilsovranista.com\/index.php?rest_route=\/wp\/v2\/types\/post"}],"author":[{"embeddable":true,"href":"https:\/\/ilsovranista.com\/index.php?rest_route=\/wp\/v2\/users\/3"}],"replies":[{"embeddable":true,"href":"https:\/\/ilsovranista.com\/index.php?rest_route=%2Fwp%2Fv2%2Fcomments&post=771"}],"version-history":[{"count":2,"href":"https:\/\/ilsovranista.com\/index.php?rest_route=\/wp\/v2\/posts\/771\/revisions"}],"predecessor-version":[{"id":775,"href":"https:\/\/ilsovranista.com\/index.php?rest_route=\/wp\/v2\/posts\/771\/revisions\/775"}],"wp:featuredmedia":[{"embeddable":true,"href":"https:\/\/ilsovranista.com\/index.php?rest_route=\/wp\/v2\/media\/772"}],"wp:attachment":[{"href":"https:\/\/ilsovranista.com\/index.php?rest_route=%2Fwp%2Fv2%2Fmedia&parent=771"}],"wp:term":[{"taxonomy":"category","embeddable":true,"href":"https:\/\/ilsovranista.com\/index.php?rest_route=%2Fwp%2Fv2%2Fcategories&post=771"},{"taxonomy":"post_tag","embeddable":true,"href":"https:\/\/ilsovranista.com\/index.php?rest_route=%2Fwp%2Fv2%2Ftags&post=771"}],"curies":[{"name":"wp","href":"https:\/\/api.w.org\/{rel}","templated":true}]}}