{"id":7642,"date":"2026-04-30T12:58:35","date_gmt":"2026-04-30T10:58:35","guid":{"rendered":"https:\/\/ilsovranista.com\/?p=7642"},"modified":"2026-04-30T13:10:47","modified_gmt":"2026-04-30T11:10:47","slug":"futuro-della-lega-bastoni-da-prima-gli-italiani-a-prima-gli-islamici-e-un-attimo","status":"publish","type":"post","link":"https:\/\/ilsovranista.com\/?p=7642","title":{"rendered":"Futuro della Lega, Bastoni: da prima gli italiani a prima gli islamici \u00e8 un attimo"},"content":{"rendered":"<p>Da \u201cRoma ladrona\u201d, \u201cPadroni a casa nostra\u201d e \u201cPrima gli italiani ora a Vigevano la Lega candida come consigliere comunale\u00a0 addirittura il presidente della comunit\u00e0 islamica cittadina Ibrahim Hussein.<\/p>\n<p>A commentare, in maniera pungente, la notizia sui suoi canali social \u00e8 Max Bastoni storico esponente della Lega, gi\u00e0 consigliere comunale a Milano e consigliere regionale lombardo che ha dichiarato: &#8220;da prima gli italiani a prima gli islamici \u00e8 un attimo<\/p>\n","protected":false},"excerpt":{"rendered":"<p>Da \u201cRoma ladrona\u201d, \u201cPadroni a casa nostra\u201d e \u201cPrima gli italiani ora a Vigevano la Lega candida come consigliere comunale\u00a0 addirittura il presidente della comunit\u00e0 islamica cittadina Ibrahim Hussein. A commentare, in maniera pungente, la notizia sui suoi canali social \u00e8 Max Bastoni storico esponente della Lega, gi\u00e0 consigliere comunale a Milano e consigliere regionale [&hellip;]<\/p>\n","protected":false},"author":3,"featured_media":7643,"comment_status":"open","ping_status":"closed","sticky":false,"template":"","format":"standard","meta":{"om_disable_all_campaigns":false,"_monsterinsights_skip_tracking":false,"_monsterinsights_sitenote_active":false,"_monsterinsights_sitenote_note":"","_monsterinsights_sitenote_category":0,"_uf_show_specific_survey":0,"_uf_disable_surveys":false,"footnotes":""},"categories":[33],"tags":[],"class_list":{"0":"post-7642","1":"post","2":"type-post","3":"status-publish","4":"format-standard","5":"has-post-thumbnail","7":"category-politica"},"aioseo_notices":[],"_links":{"self":[{"href":"https:\/\/ilsovranista.com\/index.php?rest_route=\/wp\/v2\/posts\/7642","targetHints":{"allow":["GET"]}}],"collection":[{"href":"https:\/\/ilsovranista.com\/index.php?rest_route=\/wp\/v2\/posts"}],"about":[{"href":"https:\/\/ilsovranista.com\/index.php?rest_route=\/wp\/v2\/types\/post"}],"author":[{"embeddable":true,"href":"https:\/\/ilsovranista.com\/index.php?rest_route=\/wp\/v2\/users\/3"}],"replies":[{"embeddable":true,"href":"https:\/\/ilsovranista.com\/index.php?rest_route=%2Fwp%2Fv2%2Fcomments&post=7642"}],"version-history":[{"count":1,"href":"https:\/\/ilsovranista.com\/index.php?rest_route=\/wp\/v2\/posts\/7642\/revisions"}],"predecessor-version":[{"id":7644,"href":"https:\/\/ilsovranista.com\/index.php?rest_route=\/wp\/v2\/posts\/7642\/revisions\/7644"}],"wp:featuredmedia":[{"embeddable":true,"href":"https:\/\/ilsovranista.com\/index.php?rest_route=\/wp\/v2\/media\/7643"}],"wp:attachment":[{"href":"https:\/\/ilsovranista.com\/index.php?rest_route=%2Fwp%2Fv2%2Fmedia&parent=7642"}],"wp:term":[{"taxonomy":"category","embeddable":true,"href":"https:\/\/ilsovranista.com\/index.php?rest_route=%2Fwp%2Fv2%2Fcategories&post=7642"},{"taxonomy":"post_tag","embeddable":true,"href":"https:\/\/ilsovranista.com\/index.php?rest_route=%2Fwp%2Fv2%2Ftags&post=7642"}],"curies":[{"name":"wp","href":"https:\/\/api.w.org\/{rel}","templated":true}]}}