{"id":7618,"date":"2026-04-29T11:06:48","date_gmt":"2026-04-29T09:06:48","guid":{"rendered":"https:\/\/ilsovranista.com\/?p=7618"},"modified":"2026-04-29T11:06:48","modified_gmt":"2026-04-29T09:06:48","slug":"amministrative-2026-il-patto-per-il-nord-presente-in-50-citta","status":"publish","type":"post","link":"https:\/\/ilsovranista.com\/?p=7618","title":{"rendered":"Amministrative 2026, il Patto per il Nord presente in 50 citt\u00e0"},"content":{"rendered":"<p>&#8220;A soli 4 mesi dal primo congresso federale, Patto per il Nord \u00e8 gi\u00e0 presente in oltre 50 Comuni alle prossime elezioni amministrative&#8221;.<\/p>\n<p>Lo dichiara sui suoi canali social\u00a0<strong>Paolo Grimoldi,\u00a0<\/strong>segretario federale del Patto per il Nord precisando: &#8220;dai capoluoghi e dalle citt\u00e0 pi\u00f9 rilevanti come Lecco, Mantova, Legnano, Voghera, Venezia e Comacchio, fino a realt\u00e0 come Quinzano, Sorisole, Turate, Bollate, Mortara e Vigevano. Un risultato che va oltre ogni pi\u00f9 rosea previsione e che racconta una verit\u00e0 chiara: il Nord si sta rialzando e vuole tornare protagonista nella politica nazionale&#8221;<\/p>\n<p>Sono circa quindici i candidati sindaco che si presentano direttamente con il simbolo di Patto per il Nord, insiste Grimoldi, mentre una trentina di liste sostengono candidati civici o di centrodestra. Emblematico quanto accaduto a Cervia, dove la coalizione di centrodestra ha scelto di escludere la Lega Salvini Premier proprio a favore di Patto per il Nord. Un segnale politico forte. Un segnale che parla di futuro. Il Nord torna protagonista<\/p>\n","protected":false},"excerpt":{"rendered":"<p>&#8220;A soli 4 mesi dal primo congresso federale, Patto per il Nord \u00e8 gi\u00e0 presente in oltre 50 Comuni alle prossime elezioni amministrative&#8221;. Lo dichiara sui suoi canali social\u00a0Paolo Grimoldi,\u00a0segretario federale del Patto per il Nord precisando: &#8220;dai capoluoghi e dalle citt\u00e0 pi\u00f9 rilevanti come Lecco, Mantova, Legnano, Voghera, Venezia e Comacchio, fino a realt\u00e0 [&hellip;]<\/p>\n","protected":false},"author":3,"featured_media":7619,"comment_status":"open","ping_status":"closed","sticky":false,"template":"","format":"standard","meta":{"om_disable_all_campaigns":false,"_monsterinsights_skip_tracking":false,"_monsterinsights_sitenote_active":false,"_monsterinsights_sitenote_note":"","_monsterinsights_sitenote_category":0,"_uf_show_specific_survey":0,"_uf_disable_surveys":false,"footnotes":""},"categories":[33],"tags":[],"class_list":{"0":"post-7618","1":"post","2":"type-post","3":"status-publish","4":"format-standard","5":"has-post-thumbnail","7":"category-politica"},"aioseo_notices":[],"_links":{"self":[{"href":"https:\/\/ilsovranista.com\/index.php?rest_route=\/wp\/v2\/posts\/7618","targetHints":{"allow":["GET"]}}],"collection":[{"href":"https:\/\/ilsovranista.com\/index.php?rest_route=\/wp\/v2\/posts"}],"about":[{"href":"https:\/\/ilsovranista.com\/index.php?rest_route=\/wp\/v2\/types\/post"}],"author":[{"embeddable":true,"href":"https:\/\/ilsovranista.com\/index.php?rest_route=\/wp\/v2\/users\/3"}],"replies":[{"embeddable":true,"href":"https:\/\/ilsovranista.com\/index.php?rest_route=%2Fwp%2Fv2%2Fcomments&post=7618"}],"version-history":[{"count":1,"href":"https:\/\/ilsovranista.com\/index.php?rest_route=\/wp\/v2\/posts\/7618\/revisions"}],"predecessor-version":[{"id":7620,"href":"https:\/\/ilsovranista.com\/index.php?rest_route=\/wp\/v2\/posts\/7618\/revisions\/7620"}],"wp:featuredmedia":[{"embeddable":true,"href":"https:\/\/ilsovranista.com\/index.php?rest_route=\/wp\/v2\/media\/7619"}],"wp:attachment":[{"href":"https:\/\/ilsovranista.com\/index.php?rest_route=%2Fwp%2Fv2%2Fmedia&parent=7618"}],"wp:term":[{"taxonomy":"category","embeddable":true,"href":"https:\/\/ilsovranista.com\/index.php?rest_route=%2Fwp%2Fv2%2Fcategories&post=7618"},{"taxonomy":"post_tag","embeddable":true,"href":"https:\/\/ilsovranista.com\/index.php?rest_route=%2Fwp%2Fv2%2Ftags&post=7618"}],"curies":[{"name":"wp","href":"https:\/\/api.w.org\/{rel}","templated":true}]}}