{"id":7591,"date":"2026-04-27T07:12:49","date_gmt":"2026-04-27T05:12:49","guid":{"rendered":"https:\/\/ilsovranista.com\/?p=7591"},"modified":"2026-04-27T07:12:49","modified_gmt":"2026-04-27T05:12:49","slug":"molinari-lega-nuove-misure-per-la-sicurezza-e-la-tutela-delle-forze-dellordine","status":"publish","type":"post","link":"https:\/\/ilsovranista.com\/?p=7591","title":{"rendered":"Molinari (Lega) : \u201cnuove misure per la  sicurezza e  la tutela delle forze dell\u2019ordine\u201d"},"content":{"rendered":"<p>&#8220;Il nuovo decreto Sicurezza, fortemente voluto dalla Lega, rafforza le norme giuste e di buon senso gi\u00e0 previste nel provvedimento precedente. Maggiore attenzione ai fenomeni di criminalit\u00e0 giovanile coinvolgendo anche le famiglie, contrasto alle baby gang e agli spacciatori con pene pi\u00f9 aspre per i pusher, pene pi\u00f9 severe per chi ruba nelle nostre case e contro i borseggiatori, argine all\u2019infiltrazione di frange violente all\u2019interno delle manifestazioni. Ma anche rafforzamento della polizia locale, delle risorse per la videosorveglianza nei comuni e tutela legale e processuale per le nostre Forze dell\u2019Ordine.<\/p>\n<p>Mettiamo inoltre un freno all\u2019all\u2019immigrazione irregolare, con rimpatri ancora pi\u00f9 veloci e certi. Chi non ha diritto a restare nel nostro Paese non pu\u00f2 continuare a circolare nelle nostre strade. I cittadini hanno diritto a vivere in tranquillit\u00e0 senza paura di dover subire molestie, di imbattersi in situazioni di spaccio tra pusher o di subire atteggiamenti violenti e aggressivi. Un decreto estremamente concreto, che punta a ridurre i fenomeni di microcriminalit\u00e0, e a garantire pi\u00f9 sicurezza e maggior legalit\u00e0\u201d.<\/p>\n<p>Lo afferma in una nota, Riccardo Molinari, capogruppo della Lega alla Camera dei Deputati<\/p>\n","protected":false},"excerpt":{"rendered":"<p>&#8220;Il nuovo decreto Sicurezza, fortemente voluto dalla Lega, rafforza le norme giuste e di buon senso gi\u00e0 previste nel provvedimento precedente. Maggiore attenzione ai fenomeni di criminalit\u00e0 giovanile coinvolgendo anche le famiglie, contrasto alle baby gang e agli spacciatori con pene pi\u00f9 aspre per i pusher, pene pi\u00f9 severe per chi ruba nelle nostre case [&hellip;]<\/p>\n","protected":false},"author":3,"featured_media":2120,"comment_status":"open","ping_status":"closed","sticky":false,"template":"","format":"standard","meta":{"om_disable_all_campaigns":false,"_monsterinsights_skip_tracking":false,"_monsterinsights_sitenote_active":false,"_monsterinsights_sitenote_note":"","_monsterinsights_sitenote_category":0,"_uf_show_specific_survey":0,"_uf_disable_surveys":false,"footnotes":""},"categories":[33],"tags":[],"class_list":{"0":"post-7591","1":"post","2":"type-post","3":"status-publish","4":"format-standard","5":"has-post-thumbnail","7":"category-politica"},"aioseo_notices":[],"_links":{"self":[{"href":"https:\/\/ilsovranista.com\/index.php?rest_route=\/wp\/v2\/posts\/7591","targetHints":{"allow":["GET"]}}],"collection":[{"href":"https:\/\/ilsovranista.com\/index.php?rest_route=\/wp\/v2\/posts"}],"about":[{"href":"https:\/\/ilsovranista.com\/index.php?rest_route=\/wp\/v2\/types\/post"}],"author":[{"embeddable":true,"href":"https:\/\/ilsovranista.com\/index.php?rest_route=\/wp\/v2\/users\/3"}],"replies":[{"embeddable":true,"href":"https:\/\/ilsovranista.com\/index.php?rest_route=%2Fwp%2Fv2%2Fcomments&post=7591"}],"version-history":[{"count":1,"href":"https:\/\/ilsovranista.com\/index.php?rest_route=\/wp\/v2\/posts\/7591\/revisions"}],"predecessor-version":[{"id":7592,"href":"https:\/\/ilsovranista.com\/index.php?rest_route=\/wp\/v2\/posts\/7591\/revisions\/7592"}],"wp:featuredmedia":[{"embeddable":true,"href":"https:\/\/ilsovranista.com\/index.php?rest_route=\/wp\/v2\/media\/2120"}],"wp:attachment":[{"href":"https:\/\/ilsovranista.com\/index.php?rest_route=%2Fwp%2Fv2%2Fmedia&parent=7591"}],"wp:term":[{"taxonomy":"category","embeddable":true,"href":"https:\/\/ilsovranista.com\/index.php?rest_route=%2Fwp%2Fv2%2Fcategories&post=7591"},{"taxonomy":"post_tag","embeddable":true,"href":"https:\/\/ilsovranista.com\/index.php?rest_route=%2Fwp%2Fv2%2Ftags&post=7591"}],"curies":[{"name":"wp","href":"https:\/\/api.w.org\/{rel}","templated":true}]}}