{"id":7579,"date":"2026-04-26T07:46:08","date_gmt":"2026-04-26T05:46:08","guid":{"rendered":"https:\/\/ilsovranista.com\/?p=7579"},"modified":"2026-04-26T07:46:08","modified_gmt":"2026-04-26T05:46:08","slug":"valditara-nel-mirino-di-attivisti-di-sinistra-nappi-lega-ferma-condanna-per-azione-ignobile-solidarieta-al-ministro","status":"publish","type":"post","link":"https:\/\/ilsovranista.com\/?p=7579","title":{"rendered":"Valditara nel mirino di attivisti di sinistra, Nappi (Lega): ferma condanna per azione ignobile. Solidariet\u00e0 al ministro"},"content":{"rendered":"<p>Stigmatizziamo con forza il gesto di un gruppo di attivisti compiuto nei confronti del ministro Giuseppe Valditara. Napoli non \u00e8 questa, non \u00e8 la citt\u00e0 di un manipolo di balordi che vive di odio, violenza e minacce. Invitiamo le forze politiche di sinistra a prendere le distanze da certe frange che con i loro comportamenti non solo rappresentano un pericolo per la democrazia ma infangano il nome e l&#8217;immagine di Napoli. Al ministro Valditara la massima vicinanza e solidariet\u00e0&#8221;.<\/p>\n<p>Lo afferma <strong>Severino Nappi,<\/strong> vice coordinatore <strong>Lega<\/strong> Campania e componente Consiglio Federale Lega.<\/p>\n","protected":false},"excerpt":{"rendered":"<p>Stigmatizziamo con forza il gesto di un gruppo di attivisti compiuto nei confronti del ministro Giuseppe Valditara. Napoli non \u00e8 questa, non \u00e8 la citt\u00e0 di un manipolo di balordi che vive di odio, violenza e minacce. Invitiamo le forze politiche di sinistra a prendere le distanze da certe frange che con i loro comportamenti [&hellip;]<\/p>\n","protected":false},"author":3,"featured_media":4737,"comment_status":"open","ping_status":"closed","sticky":false,"template":"","format":"standard","meta":{"om_disable_all_campaigns":false,"_monsterinsights_skip_tracking":false,"_monsterinsights_sitenote_active":false,"_monsterinsights_sitenote_note":"","_monsterinsights_sitenote_category":0,"_uf_show_specific_survey":0,"_uf_disable_surveys":false,"footnotes":""},"categories":[33],"tags":[],"class_list":{"0":"post-7579","1":"post","2":"type-post","3":"status-publish","4":"format-standard","5":"has-post-thumbnail","7":"category-politica"},"aioseo_notices":[],"_links":{"self":[{"href":"https:\/\/ilsovranista.com\/index.php?rest_route=\/wp\/v2\/posts\/7579","targetHints":{"allow":["GET"]}}],"collection":[{"href":"https:\/\/ilsovranista.com\/index.php?rest_route=\/wp\/v2\/posts"}],"about":[{"href":"https:\/\/ilsovranista.com\/index.php?rest_route=\/wp\/v2\/types\/post"}],"author":[{"embeddable":true,"href":"https:\/\/ilsovranista.com\/index.php?rest_route=\/wp\/v2\/users\/3"}],"replies":[{"embeddable":true,"href":"https:\/\/ilsovranista.com\/index.php?rest_route=%2Fwp%2Fv2%2Fcomments&post=7579"}],"version-history":[{"count":1,"href":"https:\/\/ilsovranista.com\/index.php?rest_route=\/wp\/v2\/posts\/7579\/revisions"}],"predecessor-version":[{"id":7580,"href":"https:\/\/ilsovranista.com\/index.php?rest_route=\/wp\/v2\/posts\/7579\/revisions\/7580"}],"wp:featuredmedia":[{"embeddable":true,"href":"https:\/\/ilsovranista.com\/index.php?rest_route=\/wp\/v2\/media\/4737"}],"wp:attachment":[{"href":"https:\/\/ilsovranista.com\/index.php?rest_route=%2Fwp%2Fv2%2Fmedia&parent=7579"}],"wp:term":[{"taxonomy":"category","embeddable":true,"href":"https:\/\/ilsovranista.com\/index.php?rest_route=%2Fwp%2Fv2%2Fcategories&post=7579"},{"taxonomy":"post_tag","embeddable":true,"href":"https:\/\/ilsovranista.com\/index.php?rest_route=%2Fwp%2Fv2%2Ftags&post=7579"}],"curies":[{"name":"wp","href":"https:\/\/api.w.org\/{rel}","templated":true}]}}