{"id":7540,"date":"2026-04-22T11:06:50","date_gmt":"2026-04-22T09:06:50","guid":{"rendered":"https:\/\/ilsovranista.com\/?p=7540"},"modified":"2026-04-22T11:07:24","modified_gmt":"2026-04-22T09:07:24","slug":"vannacci-a-napoli-o-cesso-gia-o-tenimme-vandalizzata-la-targa-di-futuro-nazionale","status":"publish","type":"post","link":"https:\/\/ilsovranista.com\/?p=7540","title":{"rendered":"Vannacci a Napoli? O cesso gi\u00e0 o tenimme&#8221;, vandalizzata la targa di Futuro Nazionale"},"content":{"rendered":"<p><strong>Vannacci\u00a0<\/strong>a Napoli? O cess gi\u00e0 o tenimme. Questo \u00e8 il testo di un manifesto affisso fuori la sede partenopea di Futuro Nazionale il movimento politico fondato dal generale Vannacci che oggi sar\u00e0 inaugurata. La targa fuori al palazzo dove \u00e8 situata la sede \u00e8 stata coperta con della vernice\u00a0 rossa.<\/p>\n<p>Il gesto \u00e8 stato rivendicato, con un comunicato, dagli attivisti del Laboratorio Insurgencia e della Rete No Kings. Nella giornata in cui Vannacci \u00e8 atteso sia a Napoli, proprio per l&#8217;inaugurazione della sede, che a Salerno per una manifestazione pubblica.<\/p>\n","protected":false},"excerpt":{"rendered":"<p>Vannacci\u00a0a Napoli? O cess gi\u00e0 o tenimme. Questo \u00e8 il testo di un manifesto affisso fuori la sede partenopea di Futuro Nazionale il movimento politico fondato dal generale Vannacci che oggi sar\u00e0 inaugurata. La targa fuori al palazzo dove \u00e8 situata la sede \u00e8 stata coperta con della vernice\u00a0 rossa. Il gesto \u00e8 stato rivendicato, [&hellip;]<\/p>\n","protected":false},"author":3,"featured_media":7542,"comment_status":"open","ping_status":"closed","sticky":false,"template":"","format":"standard","meta":{"om_disable_all_campaigns":false,"_monsterinsights_skip_tracking":false,"_monsterinsights_sitenote_active":false,"_monsterinsights_sitenote_note":"","_monsterinsights_sitenote_category":0,"_uf_show_specific_survey":0,"_uf_disable_surveys":false,"footnotes":""},"categories":[36],"tags":[],"class_list":{"0":"post-7540","1":"post","2":"type-post","3":"status-publish","4":"format-standard","5":"has-post-thumbnail","7":"category-prima-i-territori"},"aioseo_notices":[],"_links":{"self":[{"href":"https:\/\/ilsovranista.com\/index.php?rest_route=\/wp\/v2\/posts\/7540","targetHints":{"allow":["GET"]}}],"collection":[{"href":"https:\/\/ilsovranista.com\/index.php?rest_route=\/wp\/v2\/posts"}],"about":[{"href":"https:\/\/ilsovranista.com\/index.php?rest_route=\/wp\/v2\/types\/post"}],"author":[{"embeddable":true,"href":"https:\/\/ilsovranista.com\/index.php?rest_route=\/wp\/v2\/users\/3"}],"replies":[{"embeddable":true,"href":"https:\/\/ilsovranista.com\/index.php?rest_route=%2Fwp%2Fv2%2Fcomments&post=7540"}],"version-history":[{"count":1,"href":"https:\/\/ilsovranista.com\/index.php?rest_route=\/wp\/v2\/posts\/7540\/revisions"}],"predecessor-version":[{"id":7548,"href":"https:\/\/ilsovranista.com\/index.php?rest_route=\/wp\/v2\/posts\/7540\/revisions\/7548"}],"wp:featuredmedia":[{"embeddable":true,"href":"https:\/\/ilsovranista.com\/index.php?rest_route=\/wp\/v2\/media\/7542"}],"wp:attachment":[{"href":"https:\/\/ilsovranista.com\/index.php?rest_route=%2Fwp%2Fv2%2Fmedia&parent=7540"}],"wp:term":[{"taxonomy":"category","embeddable":true,"href":"https:\/\/ilsovranista.com\/index.php?rest_route=%2Fwp%2Fv2%2Fcategories&post=7540"},{"taxonomy":"post_tag","embeddable":true,"href":"https:\/\/ilsovranista.com\/index.php?rest_route=%2Fwp%2Fv2%2Ftags&post=7540"}],"curies":[{"name":"wp","href":"https:\/\/api.w.org\/{rel}","templated":true}]}}