{"id":751,"date":"2025-01-12T18:45:52","date_gmt":"2025-01-12T17:45:52","guid":{"rendered":"https:\/\/ilsovranista.com\/?p=751"},"modified":"2025-01-12T18:49:48","modified_gmt":"2025-01-12T17:49:48","slug":"caos-inps-durigon-lega-non-ci-saranno-aumenti-delleta-pensionabile","status":"publish","type":"post","link":"https:\/\/ilsovranista.com\/?p=751","title":{"rendered":"Caos Inps, Durigon (Lega): non ci saranno aumenti dell&#8217;et\u00e0 pensionabile"},"content":{"rendered":"<p><strong>Claudio Durigon,<\/strong> sottosegretario al Lavoro e vice segretario federale della<strong> Leg<\/strong>a\u00a0 conferma che non ci saranno aumenti dell&#8217;et\u00e0 pensionabile a breve. In un&#8217;intervista a Qn ha dichiarato: &#8220;garantiamo che non ci sar\u00e0 nessun aumento dell&#8217;et\u00e0 pensionabile o degli altri requisiti negli anni a venire&#8221;. &#8220;L&#8217;Inps ha inserito erratamente nel suo applicativo previsionale, prima di qualsiasi decreto ministeriale che determinasse e stabilisse questa attivit\u00e0, l&#8217;aumento dei requisiti per il pensionamento. Ma posso dire fin da ora che per quanto ci riguarda l&#8217;et\u00e0 per la pensione di vecchiaia non salir\u00e0 oltre i 67 anni, n\u00e9 dal 2027 n\u00e9 dopo. E lo stesso vale per gli anni di contributi per la pensione cosiddetta anticipata&#8221;<\/p>\n","protected":false},"excerpt":{"rendered":"<p>Claudio Durigon, sottosegretario al Lavoro e vice segretario federale della Lega\u00a0 conferma che non ci saranno aumenti dell&#8217;et\u00e0 pensionabile a breve. In un&#8217;intervista a Qn ha dichiarato: &#8220;garantiamo che non ci sar\u00e0 nessun aumento dell&#8217;et\u00e0 pensionabile o degli altri requisiti negli anni a venire&#8221;. &#8220;L&#8217;Inps ha inserito erratamente nel suo applicativo previsionale, prima di qualsiasi [&hellip;]<\/p>\n","protected":false},"author":3,"featured_media":752,"comment_status":"open","ping_status":"closed","sticky":false,"template":"","format":"standard","meta":{"om_disable_all_campaigns":false,"_monsterinsights_skip_tracking":false,"_monsterinsights_sitenote_active":false,"_monsterinsights_sitenote_note":"","_monsterinsights_sitenote_category":0,"_uf_show_specific_survey":0,"_uf_disable_surveys":false,"footnotes":""},"categories":[33],"tags":[],"class_list":{"0":"post-751","1":"post","2":"type-post","3":"status-publish","4":"format-standard","5":"has-post-thumbnail","7":"category-politica"},"aioseo_notices":[],"_links":{"self":[{"href":"https:\/\/ilsovranista.com\/index.php?rest_route=\/wp\/v2\/posts\/751","targetHints":{"allow":["GET"]}}],"collection":[{"href":"https:\/\/ilsovranista.com\/index.php?rest_route=\/wp\/v2\/posts"}],"about":[{"href":"https:\/\/ilsovranista.com\/index.php?rest_route=\/wp\/v2\/types\/post"}],"author":[{"embeddable":true,"href":"https:\/\/ilsovranista.com\/index.php?rest_route=\/wp\/v2\/users\/3"}],"replies":[{"embeddable":true,"href":"https:\/\/ilsovranista.com\/index.php?rest_route=%2Fwp%2Fv2%2Fcomments&post=751"}],"version-history":[{"count":1,"href":"https:\/\/ilsovranista.com\/index.php?rest_route=\/wp\/v2\/posts\/751\/revisions"}],"predecessor-version":[{"id":753,"href":"https:\/\/ilsovranista.com\/index.php?rest_route=\/wp\/v2\/posts\/751\/revisions\/753"}],"wp:featuredmedia":[{"embeddable":true,"href":"https:\/\/ilsovranista.com\/index.php?rest_route=\/wp\/v2\/media\/752"}],"wp:attachment":[{"href":"https:\/\/ilsovranista.com\/index.php?rest_route=%2Fwp%2Fv2%2Fmedia&parent=751"}],"wp:term":[{"taxonomy":"category","embeddable":true,"href":"https:\/\/ilsovranista.com\/index.php?rest_route=%2Fwp%2Fv2%2Fcategories&post=751"},{"taxonomy":"post_tag","embeddable":true,"href":"https:\/\/ilsovranista.com\/index.php?rest_route=%2Fwp%2Fv2%2Ftags&post=751"}],"curies":[{"name":"wp","href":"https:\/\/api.w.org\/{rel}","templated":true}]}}