{"id":747,"date":"2025-01-12T18:24:20","date_gmt":"2025-01-12T17:24:20","guid":{"rendered":"https:\/\/ilsovranista.com\/?p=747"},"modified":"2025-01-12T18:29:02","modified_gmt":"2025-01-12T17:29:02","slug":"vannacci-afd-non-e-estremista-ma-in-germania-bloccheranno-il-voto","status":"publish","type":"post","link":"https:\/\/ilsovranista.com\/?p=747","title":{"rendered":"Vannacci: \u201cAfd non \u00e8 estremista, ma in Germania bloccheranno il voto&#8221;"},"content":{"rendered":"<p>di Edoardo Romagnoli<\/p>\n<p>Fonte Il Tempo<\/p>\n<p>L&#8217; ascesa dell\u2019Afd in Germania, Musk, l\u2019Autonomia differenziata, il terzo mandato per i governatori, sono solo alcuni dei temi di cui abbiamo discusso con il generale Roberto Vannacci.<\/p>\n<p><strong>Generale secondo gli ultimi sondaggi (istituto Insa) l\u2019Afd in Germania \u00e8 al 22% dei consensi, il dato pi\u00f9 alto fatto registrare nell\u2019ultimo anno. Cosa ne pensa?<\/strong><\/p>\n<p>&#8220;Penso che gli elettori tedeschi stanno orientando il proprio voto su chi promette loro di mettere le cose a posto. Questo smentisce anche il fatto che questa forza politica possa essere considerata estremista. Se c\u2019\u00e8 una grande maggioranza di persone che li votano non \u00e8 pi\u00f9 un estremo&#8221;.<\/p>\n<p><strong>Cosa crede che accadr\u00e0 adesso in Germania?<\/strong><\/p>\n<p>&#8220;Quello che mi aspetto \u00e8 che la sinistra chieder\u00e0 di sospendere la democrazia perch\u00e9 \u00e8 il loro modo di fare. Decidono, da guardiani della morale, chi \u00e8 ricevibile e chi no. In caso diranno che queste elezioni non s\u2019hanno da fare oppure si inventeranno chiss\u00e0 quali altri fantasmi tipo il ritorno di Hitler. Deve sapere che in una delle ultime interviste che ho fatto a Dimarted\u00ec Floris ha detto che a essere democratici non ci \u00e8 andata sempre troppo bene perch\u00e9 Hitler e Mussolini, pi\u00f9 o meno, sono stati eletti democraticamente. E quindi la soluzione qual \u00e8? Sospendere la democrazia quando arriva qualcuno che potrebbe essere giudicato non conforme ai dettami della sinistra?&#8221;.<\/p>\n<p><strong>Scholz, appena ricandidato alla guida dei socialdemocratici, ha ammesso che avrebbe dovuto porre fine alla coalizione prima, ma l\u2019unit\u00e0 non si pu\u00f2 imporre. Ricalca un po\u2019 quello che \u00e8 successo in Francia?<\/strong><br \/>\n\u00abLa coalizione dei perdenti \u00e8 perdente. E non \u00e8 successo solo in Francia, ma anche in Austria. La tecnica di fare la coalizione dei perdenti si \u00e8 rivelata fallimentare\u00bb.<\/p>\n<div class=\"ead_48450 ean_element ea_apx_pid_28648340 ea_improve_pid_22906756 ea_native_element ea_quantx_pid_48450\" data-qtxpid=\"48450\">\n<div class=\"ead_content\">\n<p class=\"ea_summary\" data-ea-parsed=\"true\" data-vid=\"1736702421397.zhgdgzr5\">\n<\/div>\n<\/div>\n<p><strong>Scholz se l\u2019\u00e8 presa anche con Elon Musk che ultimamente \u00e8 al centro di molte polemiche.<\/strong><\/p>\n<p>&#8220;\u00c8 la riprova del doppiopesismo della sinistra, prima era un genio e adesso il grande Satana. Musk ha semplicemente espresso dei pareri, certamente non ha finanziato partiti, non ha speso soldi per orientare campagne politiche ed elettorali cose che invece ha sempre fatto Soros senza incontrare alcuna resistenza&#8221;.<\/p>\n<article class=\"read-also articolo\"><strong>La leader di Afd Alice Weidel parlando su X proprio con Musk ha sostenuto che Hitler fosse comunista. Boutade o c\u2019\u00e8 un qualche fondamento?<\/strong><\/article>\n<p>&nbsp;<\/p>\n<p>&#8220;Non lo so, una cosa \u00e8 certa: il partito fondato da Hitler si chiamava nazionalsocialismo quindi sul fatto che si rifacesse al socialismo ci sono pochi dubbi&#8221;.<\/p>\n<p><strong>Tra i punti del programma di Afd c\u2019\u00e8 il blocco delle frontiere e la re-immigrazione. Ma non rischia di essere troppo costoso oltre che molto difficile senza gli accordi con i Paesi d\u2019origine?<\/strong><\/p>\n<p>&#8220;Gli accordi con i Paesi d\u2019origine si possono fare e si possono anche forzare. Ricordo che ogni anno l\u2019Europa spende circa 200 miliardi di euro per la cooperazione internazionale. Se questi soldi invece di essere donati fossero condizionati a questi accordi penso che molte cose cambierebbero. La soluzione \u00e8 stabilire gli hotspot al di fuori del territorio europeo, una proposta tra l\u2019altro che ha fatto anche la presidente von der Leyen il 17 dicembre&#8221;.<\/p>\n","protected":false},"excerpt":{"rendered":"<p>di Edoardo Romagnoli Fonte Il Tempo L&#8217; ascesa dell\u2019Afd in Germania, Musk, l\u2019Autonomia differenziata, il terzo mandato per i governatori, sono solo alcuni dei temi di cui abbiamo discusso con il generale Roberto Vannacci. Generale secondo gli ultimi sondaggi (istituto Insa) l\u2019Afd in Germania \u00e8 al 22% dei consensi, il dato pi\u00f9 alto fatto registrare [&hellip;]<\/p>\n","protected":false},"author":3,"featured_media":578,"comment_status":"open","ping_status":"closed","sticky":false,"template":"","format":"standard","meta":{"om_disable_all_campaigns":false,"_monsterinsights_skip_tracking":false,"_monsterinsights_sitenote_active":false,"_monsterinsights_sitenote_note":"","_monsterinsights_sitenote_category":0,"_uf_show_specific_survey":0,"_uf_disable_surveys":false,"footnotes":""},"categories":[33],"tags":[],"class_list":{"0":"post-747","1":"post","2":"type-post","3":"status-publish","4":"format-standard","5":"has-post-thumbnail","7":"category-politica"},"aioseo_notices":[],"_links":{"self":[{"href":"https:\/\/ilsovranista.com\/index.php?rest_route=\/wp\/v2\/posts\/747","targetHints":{"allow":["GET"]}}],"collection":[{"href":"https:\/\/ilsovranista.com\/index.php?rest_route=\/wp\/v2\/posts"}],"about":[{"href":"https:\/\/ilsovranista.com\/index.php?rest_route=\/wp\/v2\/types\/post"}],"author":[{"embeddable":true,"href":"https:\/\/ilsovranista.com\/index.php?rest_route=\/wp\/v2\/users\/3"}],"replies":[{"embeddable":true,"href":"https:\/\/ilsovranista.com\/index.php?rest_route=%2Fwp%2Fv2%2Fcomments&post=747"}],"version-history":[{"count":3,"href":"https:\/\/ilsovranista.com\/index.php?rest_route=\/wp\/v2\/posts\/747\/revisions"}],"predecessor-version":[{"id":750,"href":"https:\/\/ilsovranista.com\/index.php?rest_route=\/wp\/v2\/posts\/747\/revisions\/750"}],"wp:featuredmedia":[{"embeddable":true,"href":"https:\/\/ilsovranista.com\/index.php?rest_route=\/wp\/v2\/media\/578"}],"wp:attachment":[{"href":"https:\/\/ilsovranista.com\/index.php?rest_route=%2Fwp%2Fv2%2Fmedia&parent=747"}],"wp:term":[{"taxonomy":"category","embeddable":true,"href":"https:\/\/ilsovranista.com\/index.php?rest_route=%2Fwp%2Fv2%2Fcategories&post=747"},{"taxonomy":"post_tag","embeddable":true,"href":"https:\/\/ilsovranista.com\/index.php?rest_route=%2Fwp%2Fv2%2Ftags&post=747"}],"curies":[{"name":"wp","href":"https:\/\/api.w.org\/{rel}","templated":true}]}}