{"id":731,"date":"2025-01-12T05:12:35","date_gmt":"2025-01-12T04:12:35","guid":{"rendered":"https:\/\/ilsovranista.com\/?p=731"},"modified":"2025-01-12T05:12:35","modified_gmt":"2025-01-12T04:12:35","slug":"sardegna-todde-dimettiti-la-lega-torna-in-piazza-con-gazebo-e-volantini","status":"publish","type":"post","link":"https:\/\/ilsovranista.com\/?p=731","title":{"rendered":"Sardegna: &#8220;Todde dimettiti&#8221;. la Lega torna in piazza con gazebo e volantini"},"content":{"rendered":"<p>Nelle piazze delle principali citt\u00e0 della Sardegna, a partire da questo fine settimana,\u00a0 la Lega ha lanciato l&#8217;iniziativa contrassegnata dall&#8217;hashtag #ToddeDimettiti, che vedr\u00e0 i militanti del partito impegnati con i gazebo e nel volantinaggio.<\/p>\n<p>&#8220;I gravi inadempimenti nelle procedure di rendicontazione elettorale accertati dalla Commissione elettorale di garanzia, aggravati dalle diverse versioni rese sui finanziamenti elettorali dalla ormai EX presidente Todde &#8211; \u00e8 detto in una nota &#8211; impongono le sue dimissioni cos\u00ec come, peraltro, accertato dall&#8217;Autorit\u00e0 vigilante. Non \u00e8 possibile fare finta di niente di fronte una decadenza conclamata ed accertata per le gravi violazioni di legge&#8221;.<\/p>\n<p>&#8220;La richiesta delle dimissioni \u00e8 anche avvalorata dal tradimento della volont\u00e0 popolare rispetto alla legge Pratobello 24 (contro l&#8217;assalto eolico nell&#8217;isola, ndr), volontariamente ignorata ed evitata dalla ex presidente Todde, nonostante il movimento imponente mai registrato in precedenza, che va ben oltre le 211 mila sottoscrizioni autenticate Le dimissioni sono un gesto obbligato, senza la ricerca di escamotage poco dignitosi e irrispettosi dei sardi, accettando la decadenza per le violazioni insanabili compiute&#8221;.<\/p>\n<p>Le regole valgono per tutti, anche per la sinistra e i 5 stelle&#8221;, concludono dalla Lega.<\/p>\n","protected":false},"excerpt":{"rendered":"<p>Nelle piazze delle principali citt\u00e0 della Sardegna, a partire da questo fine settimana,\u00a0 la Lega ha lanciato l&#8217;iniziativa contrassegnata dall&#8217;hashtag #ToddeDimettiti, che vedr\u00e0 i militanti del partito impegnati con i gazebo e nel volantinaggio. &#8220;I gravi inadempimenti nelle procedure di rendicontazione elettorale accertati dalla Commissione elettorale di garanzia, aggravati dalle diverse versioni rese sui finanziamenti [&hellip;]<\/p>\n","protected":false},"author":3,"featured_media":732,"comment_status":"open","ping_status":"closed","sticky":false,"template":"","format":"standard","meta":{"om_disable_all_campaigns":false,"_monsterinsights_skip_tracking":false,"_monsterinsights_sitenote_active":false,"_monsterinsights_sitenote_note":"","_monsterinsights_sitenote_category":0,"_uf_show_specific_survey":0,"_uf_disable_surveys":false,"footnotes":""},"categories":[36],"tags":[],"class_list":{"0":"post-731","1":"post","2":"type-post","3":"status-publish","4":"format-standard","5":"has-post-thumbnail","7":"category-prima-i-territori"},"aioseo_notices":[],"_links":{"self":[{"href":"https:\/\/ilsovranista.com\/index.php?rest_route=\/wp\/v2\/posts\/731","targetHints":{"allow":["GET"]}}],"collection":[{"href":"https:\/\/ilsovranista.com\/index.php?rest_route=\/wp\/v2\/posts"}],"about":[{"href":"https:\/\/ilsovranista.com\/index.php?rest_route=\/wp\/v2\/types\/post"}],"author":[{"embeddable":true,"href":"https:\/\/ilsovranista.com\/index.php?rest_route=\/wp\/v2\/users\/3"}],"replies":[{"embeddable":true,"href":"https:\/\/ilsovranista.com\/index.php?rest_route=%2Fwp%2Fv2%2Fcomments&post=731"}],"version-history":[{"count":1,"href":"https:\/\/ilsovranista.com\/index.php?rest_route=\/wp\/v2\/posts\/731\/revisions"}],"predecessor-version":[{"id":733,"href":"https:\/\/ilsovranista.com\/index.php?rest_route=\/wp\/v2\/posts\/731\/revisions\/733"}],"wp:featuredmedia":[{"embeddable":true,"href":"https:\/\/ilsovranista.com\/index.php?rest_route=\/wp\/v2\/media\/732"}],"wp:attachment":[{"href":"https:\/\/ilsovranista.com\/index.php?rest_route=%2Fwp%2Fv2%2Fmedia&parent=731"}],"wp:term":[{"taxonomy":"category","embeddable":true,"href":"https:\/\/ilsovranista.com\/index.php?rest_route=%2Fwp%2Fv2%2Fcategories&post=731"},{"taxonomy":"post_tag","embeddable":true,"href":"https:\/\/ilsovranista.com\/index.php?rest_route=%2Fwp%2Fv2%2Ftags&post=731"}],"curies":[{"name":"wp","href":"https:\/\/api.w.org\/{rel}","templated":true}]}}