{"id":716,"date":"2025-01-11T19:47:55","date_gmt":"2025-01-11T18:47:55","guid":{"rendered":"https:\/\/ilsovranista.com\/?p=716"},"modified":"2025-01-11T19:47:55","modified_gmt":"2025-01-11T18:47:55","slug":"torino-antagonisti-aggrediscono-militanti-di-fdi-delmastro-basta-coperture-politiche-ai-violenti","status":"publish","type":"post","link":"https:\/\/ilsovranista.com\/?p=716","title":{"rendered":"Torino: antagonisti aggrediscono militanti di Fdi. Delmastro :basta coperture politiche ai violenti"},"content":{"rendered":"<p>&#8220;L\u2019ennesima e inammissibile aggressione di esponenti dei centri sociali ai danni di militanti di <strong>Fratelli d&#8217;Italia<\/strong> a Torino deve far riflettere le forze politiche.<br \/>\nE\u2019 ora che finisca ogni copertura politica ai delinquenti dei centri sociali. E\u2019 ora di denunciare ogni contiguit\u00e0 perch\u00e9 spesso \u00e8 complicit\u00e0.<br \/>\nTorino non merita di respirare il clima plumbeo delle costanti violenze di delinquenti asserragliati nei centri sociali, vere e proprie zone di illegalit\u00e0 diffusa e tollerata e palestre di intolleranza e violenza.<br \/>\nL\u2019amministrazione di Torino deve uscire dal cono d\u2019ombra: la allucinante proposta di \u201clegalizzazione\u201d di Askatasuna ha aumentato le violenze degli esponenti dei centri sociali.<br \/>\nE\u2019 ora di scegliere con fermezza: o con le divise, o con la democrazia, o con delinquenti imprestati alla politica che assaltano le divise e aggrediscono chi la pensa diversamente!&#8221;.<\/p>\n<p>Lo dichiara\u00a0<strong>Andrea Delmastro,\u00a0<\/strong>sottosegretario alla Giustizia ed esponente di spicco di <strong>Fratelli d&#8217;Italia<\/strong><\/p>\n<p>&nbsp;<\/p>\n","protected":false},"excerpt":{"rendered":"<p>&#8220;L\u2019ennesima e inammissibile aggressione di esponenti dei centri sociali ai danni di militanti di Fratelli d&#8217;Italia a Torino deve far riflettere le forze politiche. E\u2019 ora che finisca ogni copertura politica ai delinquenti dei centri sociali. E\u2019 ora di denunciare ogni contiguit\u00e0 perch\u00e9 spesso \u00e8 complicit\u00e0. Torino non merita di respirare il clima plumbeo delle [&hellip;]<\/p>\n","protected":false},"author":3,"featured_media":717,"comment_status":"open","ping_status":"closed","sticky":false,"template":"","format":"standard","meta":{"om_disable_all_campaigns":false,"_monsterinsights_skip_tracking":false,"_monsterinsights_sitenote_active":false,"_monsterinsights_sitenote_note":"","_monsterinsights_sitenote_category":0,"_uf_show_specific_survey":0,"_uf_disable_surveys":false,"footnotes":""},"categories":[1],"tags":[],"class_list":{"0":"post-716","1":"post","2":"type-post","3":"status-publish","4":"format-standard","5":"has-post-thumbnail","7":"category-senza-categoria"},"aioseo_notices":[],"_links":{"self":[{"href":"https:\/\/ilsovranista.com\/index.php?rest_route=\/wp\/v2\/posts\/716","targetHints":{"allow":["GET"]}}],"collection":[{"href":"https:\/\/ilsovranista.com\/index.php?rest_route=\/wp\/v2\/posts"}],"about":[{"href":"https:\/\/ilsovranista.com\/index.php?rest_route=\/wp\/v2\/types\/post"}],"author":[{"embeddable":true,"href":"https:\/\/ilsovranista.com\/index.php?rest_route=\/wp\/v2\/users\/3"}],"replies":[{"embeddable":true,"href":"https:\/\/ilsovranista.com\/index.php?rest_route=%2Fwp%2Fv2%2Fcomments&post=716"}],"version-history":[{"count":1,"href":"https:\/\/ilsovranista.com\/index.php?rest_route=\/wp\/v2\/posts\/716\/revisions"}],"predecessor-version":[{"id":718,"href":"https:\/\/ilsovranista.com\/index.php?rest_route=\/wp\/v2\/posts\/716\/revisions\/718"}],"wp:featuredmedia":[{"embeddable":true,"href":"https:\/\/ilsovranista.com\/index.php?rest_route=\/wp\/v2\/media\/717"}],"wp:attachment":[{"href":"https:\/\/ilsovranista.com\/index.php?rest_route=%2Fwp%2Fv2%2Fmedia&parent=716"}],"wp:term":[{"taxonomy":"category","embeddable":true,"href":"https:\/\/ilsovranista.com\/index.php?rest_route=%2Fwp%2Fv2%2Fcategories&post=716"},{"taxonomy":"post_tag","embeddable":true,"href":"https:\/\/ilsovranista.com\/index.php?rest_route=%2Fwp%2Fv2%2Ftags&post=716"}],"curies":[{"name":"wp","href":"https:\/\/api.w.org\/{rel}","templated":true}]}}