{"id":7105,"date":"2026-03-16T09:58:17","date_gmt":"2026-03-16T08:58:17","guid":{"rendered":"https:\/\/ilsovranista.com\/?p=7105"},"modified":"2026-03-16T09:58:17","modified_gmt":"2026-03-16T08:58:17","slug":"pagani-cirielli-punta-su-campitiello-sindaco-lostilita-di-forza-italia","status":"publish","type":"post","link":"https:\/\/ilsovranista.com\/?p=7105","title":{"rendered":"Pagani, Cirielli punta su Campitiello sindaco. L&#8217;ostilit\u00e0 di Forza Italia"},"content":{"rendered":"<p>Fratelli di Italia vuole candidare a sindaco di Pagani, comune di oltre 35 mila abitanti della provincia di Salerno il medico Nicola Campitiello. Di chi si parla? Del fratello di\u00a0<strong>Maria Rosaria Campitiello\u00a0<\/strong>nominata dal ministro Orazio Schillaci a capo del dipartimento della prevenzione ricerca ed emergenze sanitarie, nonch\u00e9 moglie del vice ministro degli esteri Edmondo Cirielli.<\/p>\n<p>A sostenere la candidatura a sindaco di Nicola Campitiello \u00e8 lo stesso.Cirielli, candidato pesantemente sconfitto di oltre 25 punti alle elezioni regionali da Roberto Fico.\u00a0 Ad opporre resistenza a questa candidatura \u00e8 Forza Italia che non ne vuole proprio sapere. Forse quando \u00e8 troppi, \u00e8 troppo.<\/p>\n","protected":false},"excerpt":{"rendered":"<p>Fratelli di Italia vuole candidare a sindaco di Pagani, comune di oltre 35 mila abitanti della provincia di Salerno il medico Nicola Campitiello. Di chi si parla? Del fratello di\u00a0Maria Rosaria Campitiello\u00a0nominata dal ministro Orazio Schillaci a capo del dipartimento della prevenzione ricerca ed emergenze sanitarie, nonch\u00e9 moglie del vice ministro degli esteri Edmondo Cirielli. [&hellip;]<\/p>\n","protected":false},"author":3,"featured_media":7106,"comment_status":"open","ping_status":"closed","sticky":false,"template":"","format":"standard","meta":{"om_disable_all_campaigns":false,"_monsterinsights_skip_tracking":false,"_monsterinsights_sitenote_active":false,"_monsterinsights_sitenote_note":"","_monsterinsights_sitenote_category":0,"_uf_show_specific_survey":0,"_uf_disable_surveys":false,"footnotes":""},"categories":[36],"tags":[],"class_list":{"0":"post-7105","1":"post","2":"type-post","3":"status-publish","4":"format-standard","5":"has-post-thumbnail","7":"category-prima-i-territori"},"aioseo_notices":[],"_links":{"self":[{"href":"https:\/\/ilsovranista.com\/index.php?rest_route=\/wp\/v2\/posts\/7105","targetHints":{"allow":["GET"]}}],"collection":[{"href":"https:\/\/ilsovranista.com\/index.php?rest_route=\/wp\/v2\/posts"}],"about":[{"href":"https:\/\/ilsovranista.com\/index.php?rest_route=\/wp\/v2\/types\/post"}],"author":[{"embeddable":true,"href":"https:\/\/ilsovranista.com\/index.php?rest_route=\/wp\/v2\/users\/3"}],"replies":[{"embeddable":true,"href":"https:\/\/ilsovranista.com\/index.php?rest_route=%2Fwp%2Fv2%2Fcomments&post=7105"}],"version-history":[{"count":1,"href":"https:\/\/ilsovranista.com\/index.php?rest_route=\/wp\/v2\/posts\/7105\/revisions"}],"predecessor-version":[{"id":7107,"href":"https:\/\/ilsovranista.com\/index.php?rest_route=\/wp\/v2\/posts\/7105\/revisions\/7107"}],"wp:featuredmedia":[{"embeddable":true,"href":"https:\/\/ilsovranista.com\/index.php?rest_route=\/wp\/v2\/media\/7106"}],"wp:attachment":[{"href":"https:\/\/ilsovranista.com\/index.php?rest_route=%2Fwp%2Fv2%2Fmedia&parent=7105"}],"wp:term":[{"taxonomy":"category","embeddable":true,"href":"https:\/\/ilsovranista.com\/index.php?rest_route=%2Fwp%2Fv2%2Fcategories&post=7105"},{"taxonomy":"post_tag","embeddable":true,"href":"https:\/\/ilsovranista.com\/index.php?rest_route=%2Fwp%2Fv2%2Ftags&post=7105"}],"curies":[{"name":"wp","href":"https:\/\/api.w.org\/{rel}","templated":true}]}}