{"id":7099,"date":"2026-03-16T07:26:46","date_gmt":"2026-03-16T06:26:46","guid":{"rendered":"https:\/\/ilsovranista.com\/?p=7099"},"modified":"2026-03-16T07:26:46","modified_gmt":"2026-03-16T06:26:46","slug":"vergognoso-post-di-borrelli-contro-la-meloni-la-denuncia-di-mieli-fdi","status":"publish","type":"post","link":"https:\/\/ilsovranista.com\/?p=7099","title":{"rendered":"Vergognoso post di Borrelli contro la Meloni, la denuncia di Mieli (Fdi)"},"content":{"rendered":"<p>&#8220;Vergognoso il meme pubblicato dal deputato <strong>Francesco Emilio Borrelli <\/strong>(esponente di <strong>Alleanza Verdi e Sinistra<\/strong>)\u00a0sul proprio profilo Facebook.Quello che ha condiviso non ha nulla con il legittimo dissenso politico.Ritrarre il presidente del Consiglio Giorgia Meloni con la camicia di forza in un ospedale psichiatrico non \u00e8 ironia: \u00e8 discriminazione, \u00e8 bullismo, \u00e8 un atto che offende in primo luogo le <strong>migliaia<\/strong> di persone che convivono quotidianamente con disturbi psichici e le loro famiglie.Il confronto democratico non si costruisce con la denigrazione e l\u2019odio.Ci auguriamo che arrivino le scuse del deputato e del partito che rappresenta\u201d.<\/p>\n<p>Lo ha affermato in una nota,\u00a0<strong>Ester<\/strong> <strong>Mieli<\/strong> deputato di <strong>Fratelli<\/strong> <strong>d&#8217;Italia<\/strong><\/p>\n","protected":false},"excerpt":{"rendered":"<p>&#8220;Vergognoso il meme pubblicato dal deputato Francesco Emilio Borrelli (esponente di Alleanza Verdi e Sinistra)\u00a0sul proprio profilo Facebook.Quello che ha condiviso non ha nulla con il legittimo dissenso politico.Ritrarre il presidente del Consiglio Giorgia Meloni con la camicia di forza in un ospedale psichiatrico non \u00e8 ironia: \u00e8 discriminazione, \u00e8 bullismo, \u00e8 un atto che [&hellip;]<\/p>\n","protected":false},"author":3,"featured_media":4083,"comment_status":"open","ping_status":"closed","sticky":false,"template":"","format":"standard","meta":{"om_disable_all_campaigns":false,"_monsterinsights_skip_tracking":false,"_monsterinsights_sitenote_active":false,"_monsterinsights_sitenote_note":"","_monsterinsights_sitenote_category":0,"_uf_show_specific_survey":0,"_uf_disable_surveys":false,"footnotes":""},"categories":[33],"tags":[],"class_list":{"0":"post-7099","1":"post","2":"type-post","3":"status-publish","4":"format-standard","5":"has-post-thumbnail","7":"category-politica"},"aioseo_notices":[],"_links":{"self":[{"href":"https:\/\/ilsovranista.com\/index.php?rest_route=\/wp\/v2\/posts\/7099","targetHints":{"allow":["GET"]}}],"collection":[{"href":"https:\/\/ilsovranista.com\/index.php?rest_route=\/wp\/v2\/posts"}],"about":[{"href":"https:\/\/ilsovranista.com\/index.php?rest_route=\/wp\/v2\/types\/post"}],"author":[{"embeddable":true,"href":"https:\/\/ilsovranista.com\/index.php?rest_route=\/wp\/v2\/users\/3"}],"replies":[{"embeddable":true,"href":"https:\/\/ilsovranista.com\/index.php?rest_route=%2Fwp%2Fv2%2Fcomments&post=7099"}],"version-history":[{"count":1,"href":"https:\/\/ilsovranista.com\/index.php?rest_route=\/wp\/v2\/posts\/7099\/revisions"}],"predecessor-version":[{"id":7100,"href":"https:\/\/ilsovranista.com\/index.php?rest_route=\/wp\/v2\/posts\/7099\/revisions\/7100"}],"wp:featuredmedia":[{"embeddable":true,"href":"https:\/\/ilsovranista.com\/index.php?rest_route=\/wp\/v2\/media\/4083"}],"wp:attachment":[{"href":"https:\/\/ilsovranista.com\/index.php?rest_route=%2Fwp%2Fv2%2Fmedia&parent=7099"}],"wp:term":[{"taxonomy":"category","embeddable":true,"href":"https:\/\/ilsovranista.com\/index.php?rest_route=%2Fwp%2Fv2%2Fcategories&post=7099"},{"taxonomy":"post_tag","embeddable":true,"href":"https:\/\/ilsovranista.com\/index.php?rest_route=%2Fwp%2Fv2%2Ftags&post=7099"}],"curies":[{"name":"wp","href":"https:\/\/api.w.org\/{rel}","templated":true}]}}