{"id":7084,"date":"2026-03-14T09:25:10","date_gmt":"2026-03-14T08:25:10","guid":{"rendered":"https:\/\/ilsovranista.com\/?p=7084"},"modified":"2026-03-14T09:25:10","modified_gmt":"2026-03-14T08:25:10","slug":"lavvertimento-di-sasso-fn-comunisti-centrodestra-fluido-stiamo-arrivando","status":"publish","type":"post","link":"https:\/\/ilsovranista.com\/?p=7084","title":{"rendered":"L&#8217;avvertimento di Sasso (FN): comunisti, centrodestra fluido stiamo arrivando"},"content":{"rendered":"<p>&#8220;Anche a Brindisi buona la prima di Futuro Nazionale.Anche qui tante donne e uomini liberi che rivendicano i valori di una Destra che non c&#8217;\u00e8 pi\u00f9.I giornali ci attaccano? I tg ci censurano? Ce ne freghiamo.<\/p>\n<p>La forza delle nostre idee grazie a Roberto Vannacci \u00e8 pi\u00f9 forte della vostra ipocrisia.Comunisti, moderati e centrodestra fluido e molliccio, stiamo arrivando&#8221;<\/p>\n<p>Lo scrivi su X\u00a0 <strong>Rossano Sasso<\/strong> deputato nonch\u00e9 coordinatore per il Sud Italia di Futuro Nazionale<\/p>\n","protected":false},"excerpt":{"rendered":"<p>&#8220;Anche a Brindisi buona la prima di Futuro Nazionale.Anche qui tante donne e uomini liberi che rivendicano i valori di una Destra che non c&#8217;\u00e8 pi\u00f9.I giornali ci attaccano? I tg ci censurano? Ce ne freghiamo. La forza delle nostre idee grazie a Roberto Vannacci \u00e8 pi\u00f9 forte della vostra ipocrisia.Comunisti, moderati e centrodestra fluido [&hellip;]<\/p>\n","protected":false},"author":3,"featured_media":2999,"comment_status":"open","ping_status":"closed","sticky":false,"template":"","format":"standard","meta":{"om_disable_all_campaigns":false,"_monsterinsights_skip_tracking":false,"_monsterinsights_sitenote_active":false,"_monsterinsights_sitenote_note":"","_monsterinsights_sitenote_category":0,"_uf_show_specific_survey":0,"_uf_disable_surveys":false,"footnotes":""},"categories":[33],"tags":[],"class_list":{"0":"post-7084","1":"post","2":"type-post","3":"status-publish","4":"format-standard","5":"has-post-thumbnail","7":"category-politica"},"aioseo_notices":[],"_links":{"self":[{"href":"https:\/\/ilsovranista.com\/index.php?rest_route=\/wp\/v2\/posts\/7084","targetHints":{"allow":["GET"]}}],"collection":[{"href":"https:\/\/ilsovranista.com\/index.php?rest_route=\/wp\/v2\/posts"}],"about":[{"href":"https:\/\/ilsovranista.com\/index.php?rest_route=\/wp\/v2\/types\/post"}],"author":[{"embeddable":true,"href":"https:\/\/ilsovranista.com\/index.php?rest_route=\/wp\/v2\/users\/3"}],"replies":[{"embeddable":true,"href":"https:\/\/ilsovranista.com\/index.php?rest_route=%2Fwp%2Fv2%2Fcomments&post=7084"}],"version-history":[{"count":1,"href":"https:\/\/ilsovranista.com\/index.php?rest_route=\/wp\/v2\/posts\/7084\/revisions"}],"predecessor-version":[{"id":7085,"href":"https:\/\/ilsovranista.com\/index.php?rest_route=\/wp\/v2\/posts\/7084\/revisions\/7085"}],"wp:featuredmedia":[{"embeddable":true,"href":"https:\/\/ilsovranista.com\/index.php?rest_route=\/wp\/v2\/media\/2999"}],"wp:attachment":[{"href":"https:\/\/ilsovranista.com\/index.php?rest_route=%2Fwp%2Fv2%2Fmedia&parent=7084"}],"wp:term":[{"taxonomy":"category","embeddable":true,"href":"https:\/\/ilsovranista.com\/index.php?rest_route=%2Fwp%2Fv2%2Fcategories&post=7084"},{"taxonomy":"post_tag","embeddable":true,"href":"https:\/\/ilsovranista.com\/index.php?rest_route=%2Fwp%2Fv2%2Ftags&post=7084"}],"curies":[{"name":"wp","href":"https:\/\/api.w.org\/{rel}","templated":true}]}}