{"id":7063,"date":"2026-03-12T08:44:14","date_gmt":"2026-03-12T07:44:14","guid":{"rendered":"https:\/\/ilsovranista.com\/?p=7063"},"modified":"2026-03-12T08:44:14","modified_gmt":"2026-03-12T07:44:14","slug":"montagna-cavandoli-lega-dal-pd-polemiche-strumentali-nessun-taglio-dei-fondi","status":"publish","type":"post","link":"https:\/\/ilsovranista.com\/?p=7063","title":{"rendered":"Montagna, Cavandoli (Lega): dal Pd polemiche strumentali, nessun taglio dei fondi"},"content":{"rendered":"<p>&#8220;Ancora una volta dal Partito democratico arrivano polemiche strumentali e prive di fondamento sui fondi destinati alla montagna. Diciamolo chiaramente: non esiste alcun taglio. Anzi, le risorse, circa 200 milioni che vengono confermati e rafforzati con nuove misure, incentivi e sgravi, grazie al lavoro del ministro Calderoli e di questo Governo, vengono molto banalmente distribuite in maniera diversa, pi\u00f9 efficace, per sostenere davvero quelli che sono i territori montani. La verit\u00e0 \u00e8 che il PD teme la fine del sistema dei contributi a pioggia, dove la \u2018montanit\u00e0\u2019 veniva regalata anche al Comune di Bologna che cos\u00ec stornava risorse essenziali ai piccoli comuni della vera montagna. Chi oggi grida allo scandalo dimentica che per anni, quando governava la sinistra, al fondo per la montagna arrivavano solo briciole e i problemi non sono mai stati risolti. Il PD smetta di fare confusione e si dia da fare a livello regionale per utilizzare al meglio le risorse che sono state assegnate grazie all\u2019emendamento della Lega, nello spirito di valorizzare l\u2019autonomia regionale, perch\u00e8 i comuni che hanno esigenze simili a quelli con piene caratteristiche montane possano essere aiutati dalle regioni\u201d.<\/p>\n<p>Lo afferma Laura Cavandoli, deputato della Lega<\/p>\n","protected":false},"excerpt":{"rendered":"<p>&#8220;Ancora una volta dal Partito democratico arrivano polemiche strumentali e prive di fondamento sui fondi destinati alla montagna. Diciamolo chiaramente: non esiste alcun taglio. Anzi, le risorse, circa 200 milioni che vengono confermati e rafforzati con nuove misure, incentivi e sgravi, grazie al lavoro del ministro Calderoli e di questo Governo, vengono molto banalmente distribuite [&hellip;]<\/p>\n","protected":false},"author":3,"featured_media":1806,"comment_status":"open","ping_status":"closed","sticky":false,"template":"","format":"standard","meta":{"om_disable_all_campaigns":false,"_monsterinsights_skip_tracking":false,"_monsterinsights_sitenote_active":false,"_monsterinsights_sitenote_note":"","_monsterinsights_sitenote_category":0,"_uf_show_specific_survey":0,"_uf_disable_surveys":false,"footnotes":""},"categories":[33],"tags":[],"class_list":{"0":"post-7063","1":"post","2":"type-post","3":"status-publish","4":"format-standard","5":"has-post-thumbnail","7":"category-politica"},"aioseo_notices":[],"_links":{"self":[{"href":"https:\/\/ilsovranista.com\/index.php?rest_route=\/wp\/v2\/posts\/7063","targetHints":{"allow":["GET"]}}],"collection":[{"href":"https:\/\/ilsovranista.com\/index.php?rest_route=\/wp\/v2\/posts"}],"about":[{"href":"https:\/\/ilsovranista.com\/index.php?rest_route=\/wp\/v2\/types\/post"}],"author":[{"embeddable":true,"href":"https:\/\/ilsovranista.com\/index.php?rest_route=\/wp\/v2\/users\/3"}],"replies":[{"embeddable":true,"href":"https:\/\/ilsovranista.com\/index.php?rest_route=%2Fwp%2Fv2%2Fcomments&post=7063"}],"version-history":[{"count":1,"href":"https:\/\/ilsovranista.com\/index.php?rest_route=\/wp\/v2\/posts\/7063\/revisions"}],"predecessor-version":[{"id":7064,"href":"https:\/\/ilsovranista.com\/index.php?rest_route=\/wp\/v2\/posts\/7063\/revisions\/7064"}],"wp:featuredmedia":[{"embeddable":true,"href":"https:\/\/ilsovranista.com\/index.php?rest_route=\/wp\/v2\/media\/1806"}],"wp:attachment":[{"href":"https:\/\/ilsovranista.com\/index.php?rest_route=%2Fwp%2Fv2%2Fmedia&parent=7063"}],"wp:term":[{"taxonomy":"category","embeddable":true,"href":"https:\/\/ilsovranista.com\/index.php?rest_route=%2Fwp%2Fv2%2Fcategories&post=7063"},{"taxonomy":"post_tag","embeddable":true,"href":"https:\/\/ilsovranista.com\/index.php?rest_route=%2Fwp%2Fv2%2Ftags&post=7063"}],"curies":[{"name":"wp","href":"https:\/\/api.w.org\/{rel}","templated":true}]}}