{"id":7061,"date":"2026-03-12T08:31:38","date_gmt":"2026-03-12T07:31:38","guid":{"rendered":"https:\/\/ilsovranista.com\/?p=7061"},"modified":"2026-03-12T08:31:38","modified_gmt":"2026-03-12T07:31:38","slug":"montaruli-fdi-il-governo-difende-italia-da-opposizioni-solo-insulti-e-posizioni-frammentate","status":"publish","type":"post","link":"https:\/\/ilsovranista.com\/?p=7061","title":{"rendered":"Montaruli (FdI): \u201cIl Governo difende Italia, da opposizioni solo insulti e posizioni frammentate\u201d"},"content":{"rendered":"<p>\u201cL\u2019Italia governata da questo esecutivo \u00e8 l\u2019Italia che tiene le comunicazioni aperte, \u00e8 l\u2019Italia del buon senso, della diplomazia e della mediazione. Quell\u2019Italia che non pi\u00f9 di tanto un anno fa riportava in casa proprio da Teheran una nostra connazionale, <strong>Cecilia<\/strong> <strong>Sala<\/strong>, e che in questi giorni sta riportando a casa oltre 25.000 <strong>italiani.<\/strong><\/p>\n<p>Vogliamo che il Governo continui nell\u2019aprire e nell\u2019agire sui costi regolatori delle tariffe di trasporto delle rotte di importazione; con lo scorporo dei costi diretti nell\u2019ETS dal prezzo delle energie rinnovabili; col disaccoppiamento del prezzo dell\u2019elettricit\u00e0 con quello del gas e con il dare una lotta netta e chiara a chiunque speculi in questo momento. Noi non abbiamo le idee confuse come un\u2019opposizione che si presenta con quattro risoluzioni diverse e che invoca il presidente del consiglio in parlamento salvo fare polemica se il presidente del consiglio richiama la centralit\u00e0 del parlamento nel caso di necessit\u00e0 di sostenere ulteriormente una posizione chiara: l\u2019Italia non e\u2019 in conflitto ne\u2019 intende diventarne parte. C\u2019\u00e8 un solco tra chi \u00e8 una statista, come chi \u00e8 a capo di questo Governo, e una parte dell\u2019opposizione che ha ridotto il dibattito odierno a un insieme di insulti.L\u2019opposizione ha avuto oggi un\u2019occasione che non ha colto: quella di vestirsi di una certa autorevolezza, di smettere di guardarsi l\u2019ombelico e di stare dalla parte l\u2019Italia. Da che parte della storia siamo? Quella dell\u2019Italia. Come ci posizioniamo? A difesa dell\u2019Italia. Come ci collochiamo? A sostegno dell\u2019Italia. Ma loro che contano i giorni entro cui il presidente deve pronunciarsi queste parole non riusciranno a dirle neanche in mille vite\u201d.<\/p>\n<p>Lo ha dichiarato in aula <strong>Augusta Montaruli,<\/strong> Vicecapogruppo di <strong>Fratelli d\u2019Italia<\/strong> alla Camera dei Deputati<\/p>\n","protected":false},"excerpt":{"rendered":"<p>\u201cL\u2019Italia governata da questo esecutivo \u00e8 l\u2019Italia che tiene le comunicazioni aperte, \u00e8 l\u2019Italia del buon senso, della diplomazia e della mediazione. Quell\u2019Italia che non pi\u00f9 di tanto un anno fa riportava in casa proprio da Teheran una nostra connazionale, Cecilia Sala, e che in questi giorni sta riportando a casa oltre 25.000 italiani. Vogliamo [&hellip;]<\/p>\n","protected":false},"author":3,"featured_media":4510,"comment_status":"open","ping_status":"closed","sticky":false,"template":"","format":"standard","meta":{"om_disable_all_campaigns":false,"_monsterinsights_skip_tracking":false,"_monsterinsights_sitenote_active":false,"_monsterinsights_sitenote_note":"","_monsterinsights_sitenote_category":0,"_uf_show_specific_survey":0,"_uf_disable_surveys":false,"footnotes":""},"categories":[33],"tags":[],"class_list":{"0":"post-7061","1":"post","2":"type-post","3":"status-publish","4":"format-standard","5":"has-post-thumbnail","7":"category-politica"},"aioseo_notices":[],"_links":{"self":[{"href":"https:\/\/ilsovranista.com\/index.php?rest_route=\/wp\/v2\/posts\/7061","targetHints":{"allow":["GET"]}}],"collection":[{"href":"https:\/\/ilsovranista.com\/index.php?rest_route=\/wp\/v2\/posts"}],"about":[{"href":"https:\/\/ilsovranista.com\/index.php?rest_route=\/wp\/v2\/types\/post"}],"author":[{"embeddable":true,"href":"https:\/\/ilsovranista.com\/index.php?rest_route=\/wp\/v2\/users\/3"}],"replies":[{"embeddable":true,"href":"https:\/\/ilsovranista.com\/index.php?rest_route=%2Fwp%2Fv2%2Fcomments&post=7061"}],"version-history":[{"count":1,"href":"https:\/\/ilsovranista.com\/index.php?rest_route=\/wp\/v2\/posts\/7061\/revisions"}],"predecessor-version":[{"id":7062,"href":"https:\/\/ilsovranista.com\/index.php?rest_route=\/wp\/v2\/posts\/7061\/revisions\/7062"}],"wp:featuredmedia":[{"embeddable":true,"href":"https:\/\/ilsovranista.com\/index.php?rest_route=\/wp\/v2\/media\/4510"}],"wp:attachment":[{"href":"https:\/\/ilsovranista.com\/index.php?rest_route=%2Fwp%2Fv2%2Fmedia&parent=7061"}],"wp:term":[{"taxonomy":"category","embeddable":true,"href":"https:\/\/ilsovranista.com\/index.php?rest_route=%2Fwp%2Fv2%2Fcategories&post=7061"},{"taxonomy":"post_tag","embeddable":true,"href":"https:\/\/ilsovranista.com\/index.php?rest_route=%2Fwp%2Fv2%2Ftags&post=7061"}],"curies":[{"name":"wp","href":"https:\/\/api.w.org\/{rel}","templated":true}]}}