{"id":7028,"date":"2026-03-09T07:24:20","date_gmt":"2026-03-09T06:24:20","guid":{"rendered":"https:\/\/ilsovranista.com\/?p=7028"},"modified":"2026-03-09T07:24:20","modified_gmt":"2026-03-09T06:24:20","slug":"elezioni-in-baden-wurttemberg-verdi-primo-partito-afd-al-18","status":"publish","type":"post","link":"https:\/\/ilsovranista.com\/?p=7028","title":{"rendered":"Elezioni in Baden-W\u00fcrttemberg: Verdi primo partito, Afd al 18%"},"content":{"rendered":"<p>Nel <strong>Baden-W\u00fcrttemberg<\/strong>, uno dei L\u00e4nder tedeschi pi\u00f9 ricchi e industriali, il primo test elettorale dell\u2019anno colpisce subito il cancelliere Friedrich Merz. Nelle proiezioni diffuse dopo la chiusura dei seggi, i <strong>Verdi<\/strong> di Cem \u00d6zdemir sono davanti ai cristiano-democratici della <strong>Cdu<\/strong>, mentre <strong>AfD<\/strong> consolida la sua avanzata anche nel cuore industriale dell\u2019Ovest tedesco. Zweites Deutsches Fernsehen (Zdf), una delle principali emittenti pubbliche tedesche, indica i Verdi al 31,5%, la Cdu di Manuel Hagelsegue al 30,5%, guadagnando il 6,4%, mentre i sovranisti AfD sale e ottiene il 18% (+8,3%), i socialdemocratici (Spd) raggiungono il 5,5%, i liberali (Fdp) il 4,5% e la sinistra (LInke) il 4,5%.<\/p>\n","protected":false},"excerpt":{"rendered":"<p>Nel Baden-W\u00fcrttemberg, uno dei L\u00e4nder tedeschi pi\u00f9 ricchi e industriali, il primo test elettorale dell\u2019anno colpisce subito il cancelliere Friedrich Merz. Nelle proiezioni diffuse dopo la chiusura dei seggi, i Verdi di Cem \u00d6zdemir sono davanti ai cristiano-democratici della Cdu, mentre AfD consolida la sua avanzata anche nel cuore industriale dell\u2019Ovest tedesco. Zweites Deutsches Fernsehen [&hellip;]<\/p>\n","protected":false},"author":3,"featured_media":7029,"comment_status":"open","ping_status":"closed","sticky":false,"template":"","format":"standard","meta":{"om_disable_all_campaigns":false,"_monsterinsights_skip_tracking":false,"_monsterinsights_sitenote_active":false,"_monsterinsights_sitenote_note":"","_monsterinsights_sitenote_category":0,"_uf_show_specific_survey":0,"_uf_disable_surveys":false,"footnotes":""},"categories":[275],"tags":[],"class_list":{"0":"post-7028","1":"post","2":"type-post","3":"status-publish","4":"format-standard","5":"has-post-thumbnail","7":"category-europa"},"aioseo_notices":[],"_links":{"self":[{"href":"https:\/\/ilsovranista.com\/index.php?rest_route=\/wp\/v2\/posts\/7028","targetHints":{"allow":["GET"]}}],"collection":[{"href":"https:\/\/ilsovranista.com\/index.php?rest_route=\/wp\/v2\/posts"}],"about":[{"href":"https:\/\/ilsovranista.com\/index.php?rest_route=\/wp\/v2\/types\/post"}],"author":[{"embeddable":true,"href":"https:\/\/ilsovranista.com\/index.php?rest_route=\/wp\/v2\/users\/3"}],"replies":[{"embeddable":true,"href":"https:\/\/ilsovranista.com\/index.php?rest_route=%2Fwp%2Fv2%2Fcomments&post=7028"}],"version-history":[{"count":1,"href":"https:\/\/ilsovranista.com\/index.php?rest_route=\/wp\/v2\/posts\/7028\/revisions"}],"predecessor-version":[{"id":7030,"href":"https:\/\/ilsovranista.com\/index.php?rest_route=\/wp\/v2\/posts\/7028\/revisions\/7030"}],"wp:featuredmedia":[{"embeddable":true,"href":"https:\/\/ilsovranista.com\/index.php?rest_route=\/wp\/v2\/media\/7029"}],"wp:attachment":[{"href":"https:\/\/ilsovranista.com\/index.php?rest_route=%2Fwp%2Fv2%2Fmedia&parent=7028"}],"wp:term":[{"taxonomy":"category","embeddable":true,"href":"https:\/\/ilsovranista.com\/index.php?rest_route=%2Fwp%2Fv2%2Fcategories&post=7028"},{"taxonomy":"post_tag","embeddable":true,"href":"https:\/\/ilsovranista.com\/index.php?rest_route=%2Fwp%2Fv2%2Ftags&post=7028"}],"curies":[{"name":"wp","href":"https:\/\/api.w.org\/{rel}","templated":true}]}}