{"id":701,"date":"2025-01-10T19:46:59","date_gmt":"2025-01-10T18:46:59","guid":{"rendered":"https:\/\/ilsovranista.com\/?p=701"},"modified":"2025-01-10T19:49:39","modified_gmt":"2025-01-10T18:49:39","slug":"gioventu-nazionale-avellino-una-citta-fantasma-lontana-dai-giovani","status":"publish","type":"post","link":"https:\/\/ilsovranista.com\/?p=701","title":{"rendered":"Giovent\u00f9 Nazionale: &#8220;Avellino una citt\u00e0 fantasma, lontana dai giovani&#8221;"},"content":{"rendered":"<div class=\"x11i5rnm xat24cr x1mh8g0r x1vvkbs xtlvy1s x126k92a\">\n<div dir=\"auto\">&#8220;Avellino sembra ancora lontana da un vero coinvolgimento delle giovani generazioni. Nonostante le promesse di cambiamento, la citt\u00e0 fatica a proporre iniziative concrete che stimolino la partecipazione giovanile, il loro senso di appartenenza e la loro creativit\u00e0.<\/div>\n<\/div>\n<div class=\"x11i5rnm xat24cr x1mh8g0r x1vvkbs xtlvy1s x126k92a\">\n<div dir=\"auto\">I giovani sono il motore di una comunit\u00e0, portatori di nuove idee e energie, ma senza spazi adeguati e progetti mirati, rischiano di sentirsi esclusi. \u00c8 necessario che la politica locale investa in programmi culturali, sociali e professionali che rispondano alle loro esigenze, per evitare che Avellino perda una risorsa fondamentale per il suo futuro.<\/div>\n<div dir=\"auto\">Lo afferma in una nota, diffusa alla stampa, il coordinamento provinciale di\u00a0<strong>Giovent\u00f9 Nazionale,\u00a0<\/strong>organizzazione giovanile di\u00a0<strong>Fratelli d&#8217;Italia\u00a0<\/strong>precisando: &#8220;durante la campagna elettorale del sindaco Nargi, il tema giovanile \u00e8 stato trattato marginalmente, senza affrontare a fondo i disagi che i giovani ad Avellino si trovano ad affrontare quotidianamente.<\/div>\n<\/div>\n<div class=\"x11i5rnm xat24cr x1mh8g0r x1vvkbs xtlvy1s x126k92a\">\n<div dir=\"auto\">Alcol, violenza, uso di sostanze sono fenomeni troppo spesso al centro del dibattito pubblico. Eppure, i giovani fanno fatica a identificarsi nel &#8220;senso di istituzione&#8221; e a credere nelle risposte che dovrebbero arrivare proprio da chi governa il territorio.<\/div>\n<\/div>\n<div class=\"x11i5rnm xat24cr x1mh8g0r x1vvkbs xtlvy1s x126k92a\">\n<div dir=\"auto\">Avellino, pur vivendo una movida serale relativamente tranquilla rispetto ad altre realt\u00e0, non pu\u00f2 permettersi di sottovalutare la responsabilit\u00e0 della politica di fornire alternative concrete e di valore per i giovani. Le istituzioni devono impegnarsi a creare attivit\u00e0 che allontanino i ragazzi dai modelli negativi e li supportino nel costruire il proprio futuro.<\/div>\n<\/div>\n<div class=\"x11i5rnm xat24cr x1mh8g0r x1vvkbs xtlvy1s x126k92a\">\n<div dir=\"auto\">A proposito di modelli negativi, altro tema cruciale su cui richiamiamo l&#8217;attenzione dell&#8217;attuale amministrazione \u00e8 quello delle piazze di spaccio. L&#8217;ex cinema Eliseo e la villa situa nei pressi di piazza Kennedy sono zone infrequentabili dopo una certa ora, da anni sono diventate vere e proprie piazze di spaccio a causa della carenza di controlli. Pertanto chiediamo all&#8217;amministrazione comunale di incentivare attivit\u00e0 di sensibilizzazione sui temi della droga e della lotta alla criminalit\u00e0 e inoltre di coordinarsi con la prefettura per dispiegare le forze dell&#8217;ordine e mantenere una pattuglia fissa in questi due punti della citt\u00e0 al fine di garantire il ripristino della sicurezza e della legalit\u00e0.<\/div>\n<\/div>\n<div class=\"x11i5rnm xat24cr x1mh8g0r x1vvkbs xtlvy1s x126k92a\">\n<div dir=\"auto\">Questo novello polo del buon governo cittadino, oltre ad interessarsi di rimpasti e decidere chi tra l&#8217;attuale ed il precedente sindaco debba rivestire i panni della prima donna sembra lasciare ogni altra cosa in una situazione di stallo, se non proprio nell&#8217;abbandono totale. Avellino non ha bisogno solo di concertoni o luminarie di salernitana memoria; ma bens\u00ec di un&#8217;amministrazione giusta e retta che sappia declinare al meglio i bisogni dei propri cittadini. Confidiamo in un cambio di rotta&#8221;<\/div>\n<\/div>\n","protected":false},"excerpt":{"rendered":"<p>&#8220;Avellino sembra ancora lontana da un vero coinvolgimento delle giovani generazioni. Nonostante le promesse di cambiamento, la citt\u00e0 fatica a proporre iniziative concrete che stimolino la partecipazione giovanile, il loro senso di appartenenza e la loro creativit\u00e0. I giovani sono il motore di una comunit\u00e0, portatori di nuove idee e energie, ma senza spazi adeguati [&hellip;]<\/p>\n","protected":false},"author":3,"featured_media":702,"comment_status":"open","ping_status":"closed","sticky":false,"template":"","format":"standard","meta":{"om_disable_all_campaigns":false,"_monsterinsights_skip_tracking":false,"_monsterinsights_sitenote_active":false,"_monsterinsights_sitenote_note":"","_monsterinsights_sitenote_category":0,"_uf_show_specific_survey":0,"_uf_disable_surveys":false,"footnotes":""},"categories":[1],"tags":[],"class_list":{"0":"post-701","1":"post","2":"type-post","3":"status-publish","4":"format-standard","5":"has-post-thumbnail","7":"category-senza-categoria"},"aioseo_notices":[],"_links":{"self":[{"href":"https:\/\/ilsovranista.com\/index.php?rest_route=\/wp\/v2\/posts\/701","targetHints":{"allow":["GET"]}}],"collection":[{"href":"https:\/\/ilsovranista.com\/index.php?rest_route=\/wp\/v2\/posts"}],"about":[{"href":"https:\/\/ilsovranista.com\/index.php?rest_route=\/wp\/v2\/types\/post"}],"author":[{"embeddable":true,"href":"https:\/\/ilsovranista.com\/index.php?rest_route=\/wp\/v2\/users\/3"}],"replies":[{"embeddable":true,"href":"https:\/\/ilsovranista.com\/index.php?rest_route=%2Fwp%2Fv2%2Fcomments&post=701"}],"version-history":[{"count":1,"href":"https:\/\/ilsovranista.com\/index.php?rest_route=\/wp\/v2\/posts\/701\/revisions"}],"predecessor-version":[{"id":703,"href":"https:\/\/ilsovranista.com\/index.php?rest_route=\/wp\/v2\/posts\/701\/revisions\/703"}],"wp:featuredmedia":[{"embeddable":true,"href":"https:\/\/ilsovranista.com\/index.php?rest_route=\/wp\/v2\/media\/702"}],"wp:attachment":[{"href":"https:\/\/ilsovranista.com\/index.php?rest_route=%2Fwp%2Fv2%2Fmedia&parent=701"}],"wp:term":[{"taxonomy":"category","embeddable":true,"href":"https:\/\/ilsovranista.com\/index.php?rest_route=%2Fwp%2Fv2%2Fcategories&post=701"},{"taxonomy":"post_tag","embeddable":true,"href":"https:\/\/ilsovranista.com\/index.php?rest_route=%2Fwp%2Fv2%2Ftags&post=701"}],"curies":[{"name":"wp","href":"https:\/\/api.w.org\/{rel}","templated":true}]}}