{"id":7002,"date":"2026-03-08T07:55:47","date_gmt":"2026-03-08T06:55:47","guid":{"rendered":"https:\/\/ilsovranista.com\/?p=7002"},"modified":"2026-03-08T07:55:47","modified_gmt":"2026-03-08T06:55:47","slug":"la-lega-lancia-la-guerra-al-velo-sara-vietato-occultare-il-volto","status":"publish","type":"post","link":"https:\/\/ilsovranista.com\/?p=7002","title":{"rendered":"La Lega lancia la guerra al velo, sar\u00e0 vietato occultare il volto"},"content":{"rendered":"<p>La <strong>Lega<\/strong> rilancia la battaglia contro il <strong>velo<\/strong> <strong>islamico<\/strong> e, pi\u00f9 in generale, contro qualsiasi accessorio religioso, culturale o etnico che copra il viso negli spazi pubblici. Il divieto varrebbe anche all&#8217;aperto, con l&#8217;unica eccezione dei luoghi di culto. Parallelamente, il partito propone un nuovo reato per punire chi costringe altre persone a indossare tali coperture, con sanzioni fino a 30 mila euro. L&#8217;iniziativa viene annunciata alla alla vigilia della Giornata internazionale della donna e viene presentata come una misura &#8220;a tutela della dignit\u00e0 e della libert\u00e0 femminile&#8221;.<\/p>\n<p>Il <span dir=\"auto\">disegno di legge, depositato al Senato e firmato da Gianmarco Centinaio e dal capogruppo Massimiliano Romeo, \u00e8 formato da quattro articoli. L&#8217;obiettivo \u00e8 intervenire sulla legge del 1975, la cosiddetta legge Reale, nata in un contesto di lotta al terrorismo e pensata per vietare caschi e altri strumenti usati per mascherarsi durante le manifestazioni degli anni di Piombo.\u00a0 <\/span><span dir=\"auto\">La proposta della Lega aggiunge un riferimento esplicito al velo e agli &#8220;indumenti o accessori di qualsiasi tipo di origine etnica, culturale o religiosa&#8221; che coprano il volto. E cancella il &#8220;giustificato motivo&#8221;, che nella legge del &#8217;75 escludeva il divieto. In sostanza, se approvato, il ddl leghista vieterebbe il velo senza pi\u00f9 giustificazioni, tranne nei luoghi di culto o nei casi in cui nascondere il viso serva a proteggere la salute ( ad esempio con le mascherine anti covid) o per il casco stradale.<\/span><\/p>\n<p>&#8220;In questo modo, sar\u00e0 sempre possibile identificare chi si muove in uno spazio pubblico, come piazze, uffici, ospedali e scuole &#8211; spiega Centinaio &#8211; cos\u00ec da evitare scambi di persona e limitare situazioni che possono mettere in pericolo gli altri cittadini&#8221;. Il senatore sottolinea anche che l&#8217;attuale formulazione della legge sarebbe &#8220;ambigua&#8221; e lascerebbe &#8220;troppi margini di interpretazione ai giudici.<\/p>\n<p>La novit\u00e0 pi\u00f9 rilevante sul piano penale \u00e8 l&#8217;introduzione del reato di costrizione all&#8217;occultamento del volto. Chi obbliga un&#8217;altra persona &#8211; tramite violenza, minaccia o abuso di autorit\u00e0 &#8211; a coprirsi il viso rischierebbe da uno a due anni di carcere e una multa tra 10 mila e 30 mila euro. La pena aumenterebbe della met\u00e0 se la vittima \u00e8 una donna, un minore o una persona con disabilit\u00e0. Se l&#8217;autore \u00e8 un genitore, scatterebbe inoltre<\/p>\n","protected":false},"excerpt":{"rendered":"<p>La Lega rilancia la battaglia contro il velo islamico e, pi\u00f9 in generale, contro qualsiasi accessorio religioso, culturale o etnico che copra il viso negli spazi pubblici. Il divieto varrebbe anche all&#8217;aperto, con l&#8217;unica eccezione dei luoghi di culto. Parallelamente, il partito propone un nuovo reato per punire chi costringe altre persone a indossare tali [&hellip;]<\/p>\n","protected":false},"author":3,"featured_media":7003,"comment_status":"open","ping_status":"closed","sticky":false,"template":"","format":"standard","meta":{"om_disable_all_campaigns":false,"_monsterinsights_skip_tracking":false,"_monsterinsights_sitenote_active":false,"_monsterinsights_sitenote_note":"","_monsterinsights_sitenote_category":0,"_uf_show_specific_survey":0,"_uf_disable_surveys":false,"footnotes":""},"categories":[33],"tags":[],"class_list":{"0":"post-7002","1":"post","2":"type-post","3":"status-publish","4":"format-standard","5":"has-post-thumbnail","7":"category-politica"},"aioseo_notices":[],"_links":{"self":[{"href":"https:\/\/ilsovranista.com\/index.php?rest_route=\/wp\/v2\/posts\/7002","targetHints":{"allow":["GET"]}}],"collection":[{"href":"https:\/\/ilsovranista.com\/index.php?rest_route=\/wp\/v2\/posts"}],"about":[{"href":"https:\/\/ilsovranista.com\/index.php?rest_route=\/wp\/v2\/types\/post"}],"author":[{"embeddable":true,"href":"https:\/\/ilsovranista.com\/index.php?rest_route=\/wp\/v2\/users\/3"}],"replies":[{"embeddable":true,"href":"https:\/\/ilsovranista.com\/index.php?rest_route=%2Fwp%2Fv2%2Fcomments&post=7002"}],"version-history":[{"count":1,"href":"https:\/\/ilsovranista.com\/index.php?rest_route=\/wp\/v2\/posts\/7002\/revisions"}],"predecessor-version":[{"id":7004,"href":"https:\/\/ilsovranista.com\/index.php?rest_route=\/wp\/v2\/posts\/7002\/revisions\/7004"}],"wp:featuredmedia":[{"embeddable":true,"href":"https:\/\/ilsovranista.com\/index.php?rest_route=\/wp\/v2\/media\/7003"}],"wp:attachment":[{"href":"https:\/\/ilsovranista.com\/index.php?rest_route=%2Fwp%2Fv2%2Fmedia&parent=7002"}],"wp:term":[{"taxonomy":"category","embeddable":true,"href":"https:\/\/ilsovranista.com\/index.php?rest_route=%2Fwp%2Fv2%2Fcategories&post=7002"},{"taxonomy":"post_tag","embeddable":true,"href":"https:\/\/ilsovranista.com\/index.php?rest_route=%2Fwp%2Fv2%2Ftags&post=7002"}],"curies":[{"name":"wp","href":"https:\/\/api.w.org\/{rel}","templated":true}]}}