{"id":6981,"date":"2026-03-06T09:42:23","date_gmt":"2026-03-06T08:42:23","guid":{"rendered":"https:\/\/ilsovranista.com\/?p=6981"},"modified":"2026-03-06T09:42:23","modified_gmt":"2026-03-06T08:42:23","slug":"basilicata-2-consiglieri-comunali-aderiscono-alla-lega-il-plauso-di-pepe","status":"publish","type":"post","link":"https:\/\/ilsovranista.com\/?p=6981","title":{"rendered":"Basilicata, 2 consiglieri comunali aderiscono alla Lega. Il plauso di Pepe"},"content":{"rendered":"<p>La <strong>Lega<\/strong> Basilicata per Salvini Premier conferma il proprio percorso di crescita politica con l\u2019ingresso nel partito di due nuovi consiglieri comunali: <strong>Vito Iannelli<\/strong>, di Palazzo San Gervasio, e <strong>Domenico<\/strong> <strong>Esposito<\/strong> di Maschito.<\/p>\n<p>Lo dichiara in una nota,il commissario della Lega Basilicata, Pasquale Pepe precisando: &#8220;accogliamo con grande piacere l\u2019ingresso dei consiglieri Iannelli ed Esposito nella nostra comunit\u00e0 politica.La crescita di un partito \u00e8 sempre sintomo di buon lavoro e di un modello politico che viene riconosciuto e condiviso.Ogni nuova adesione arricchisce la squadra, porta competenze e consolida la nostra capacit\u00e0 di incidere nei territori, tanto pi\u00f9 se si tratta di amministratori locali. Il nostro impegno \u00e8 tradurre le priorit\u00e0 dei cittadini in azioni tangibili, costruendo relazioni solide con le realt\u00e0 locali, promuovendo iniziative che valorizzano i territori e sostenendo chi lavora ogni giorno per il bene comune.La Lega Basilicata vuole essere sempre un punto di riferimento affidabile e presente per chi crede nella partecipazione attiva e nel futuro della nostra regione\u201d.<\/p>\n","protected":false},"excerpt":{"rendered":"<p>La Lega Basilicata per Salvini Premier conferma il proprio percorso di crescita politica con l\u2019ingresso nel partito di due nuovi consiglieri comunali: Vito Iannelli, di Palazzo San Gervasio, e Domenico Esposito di Maschito. Lo dichiara in una nota,il commissario della Lega Basilicata, Pasquale Pepe precisando: &#8220;accogliamo con grande piacere l\u2019ingresso dei consiglieri Iannelli ed Esposito [&hellip;]<\/p>\n","protected":false},"author":3,"featured_media":2708,"comment_status":"open","ping_status":"closed","sticky":false,"template":"","format":"standard","meta":{"om_disable_all_campaigns":false,"_monsterinsights_skip_tracking":false,"_monsterinsights_sitenote_active":false,"_monsterinsights_sitenote_note":"","_monsterinsights_sitenote_category":0,"_uf_show_specific_survey":0,"_uf_disable_surveys":false,"footnotes":""},"categories":[36],"tags":[],"class_list":{"0":"post-6981","1":"post","2":"type-post","3":"status-publish","4":"format-standard","5":"has-post-thumbnail","7":"category-prima-i-territori"},"aioseo_notices":[],"_links":{"self":[{"href":"https:\/\/ilsovranista.com\/index.php?rest_route=\/wp\/v2\/posts\/6981","targetHints":{"allow":["GET"]}}],"collection":[{"href":"https:\/\/ilsovranista.com\/index.php?rest_route=\/wp\/v2\/posts"}],"about":[{"href":"https:\/\/ilsovranista.com\/index.php?rest_route=\/wp\/v2\/types\/post"}],"author":[{"embeddable":true,"href":"https:\/\/ilsovranista.com\/index.php?rest_route=\/wp\/v2\/users\/3"}],"replies":[{"embeddable":true,"href":"https:\/\/ilsovranista.com\/index.php?rest_route=%2Fwp%2Fv2%2Fcomments&post=6981"}],"version-history":[{"count":1,"href":"https:\/\/ilsovranista.com\/index.php?rest_route=\/wp\/v2\/posts\/6981\/revisions"}],"predecessor-version":[{"id":6982,"href":"https:\/\/ilsovranista.com\/index.php?rest_route=\/wp\/v2\/posts\/6981\/revisions\/6982"}],"wp:featuredmedia":[{"embeddable":true,"href":"https:\/\/ilsovranista.com\/index.php?rest_route=\/wp\/v2\/media\/2708"}],"wp:attachment":[{"href":"https:\/\/ilsovranista.com\/index.php?rest_route=%2Fwp%2Fv2%2Fmedia&parent=6981"}],"wp:term":[{"taxonomy":"category","embeddable":true,"href":"https:\/\/ilsovranista.com\/index.php?rest_route=%2Fwp%2Fv2%2Fcategories&post=6981"},{"taxonomy":"post_tag","embeddable":true,"href":"https:\/\/ilsovranista.com\/index.php?rest_route=%2Fwp%2Fv2%2Ftags&post=6981"}],"curies":[{"name":"wp","href":"https:\/\/api.w.org\/{rel}","templated":true}]}}