{"id":6970,"date":"2026-03-05T08:26:25","date_gmt":"2026-03-05T07:26:25","guid":{"rendered":"https:\/\/ilsovranista.com\/?p=6970"},"modified":"2026-03-05T08:26:25","modified_gmt":"2026-03-05T07:26:25","slug":"sta-avvenendo-la-sostituzione-etnica-dei-tesserati-della-cgil-la-denuncia-di-tovaglieri-lega","status":"publish","type":"post","link":"https:\/\/ilsovranista.com\/?p=6970","title":{"rendered":"&#8220;Sta avvenendo la sostituzione etnica\u2026 dei tesserati della CGIL&#8221;. La denuncia di Tovaglieri (Lega)"},"content":{"rendered":"<p>&#8220;Sta avvenendo la sostituzione etnica\u2026 dei tesserati della CGIL! I lavoratori veri scappano e vengono sostituiti dagli immigrati che apprezzano le battaglie di Landini per la cittadinanza facile e per l\u2019accoglienza di pi\u00f9 stranieri nel nostro Paese.Ormai \u00e8 evidente: Landini non difende pi\u00f9 i lavoratori ma le masse di stranieri residenti nel nostro Paese. Che brutta fine&#8221;.<\/p>\n<p>Lo scrive su X Isabella Tovaglieri, parlamentare europeo della Lega<\/p>\n","protected":false},"excerpt":{"rendered":"<p>&#8220;Sta avvenendo la sostituzione etnica\u2026 dei tesserati della CGIL! I lavoratori veri scappano e vengono sostituiti dagli immigrati che apprezzano le battaglie di Landini per la cittadinanza facile e per l\u2019accoglienza di pi\u00f9 stranieri nel nostro Paese.Ormai \u00e8 evidente: Landini non difende pi\u00f9 i lavoratori ma le masse di stranieri residenti nel nostro Paese. Che [&hellip;]<\/p>\n","protected":false},"author":3,"featured_media":6972,"comment_status":"open","ping_status":"closed","sticky":false,"template":"","format":"standard","meta":{"om_disable_all_campaigns":false,"_monsterinsights_skip_tracking":false,"_monsterinsights_sitenote_active":false,"_monsterinsights_sitenote_note":"","_monsterinsights_sitenote_category":0,"_uf_show_specific_survey":0,"_uf_disable_surveys":false,"footnotes":""},"categories":[33],"tags":[],"class_list":{"0":"post-6970","1":"post","2":"type-post","3":"status-publish","4":"format-standard","5":"has-post-thumbnail","7":"category-politica"},"aioseo_notices":[],"_links":{"self":[{"href":"https:\/\/ilsovranista.com\/index.php?rest_route=\/wp\/v2\/posts\/6970","targetHints":{"allow":["GET"]}}],"collection":[{"href":"https:\/\/ilsovranista.com\/index.php?rest_route=\/wp\/v2\/posts"}],"about":[{"href":"https:\/\/ilsovranista.com\/index.php?rest_route=\/wp\/v2\/types\/post"}],"author":[{"embeddable":true,"href":"https:\/\/ilsovranista.com\/index.php?rest_route=\/wp\/v2\/users\/3"}],"replies":[{"embeddable":true,"href":"https:\/\/ilsovranista.com\/index.php?rest_route=%2Fwp%2Fv2%2Fcomments&post=6970"}],"version-history":[{"count":2,"href":"https:\/\/ilsovranista.com\/index.php?rest_route=\/wp\/v2\/posts\/6970\/revisions"}],"predecessor-version":[{"id":6973,"href":"https:\/\/ilsovranista.com\/index.php?rest_route=\/wp\/v2\/posts\/6970\/revisions\/6973"}],"wp:featuredmedia":[{"embeddable":true,"href":"https:\/\/ilsovranista.com\/index.php?rest_route=\/wp\/v2\/media\/6972"}],"wp:attachment":[{"href":"https:\/\/ilsovranista.com\/index.php?rest_route=%2Fwp%2Fv2%2Fmedia&parent=6970"}],"wp:term":[{"taxonomy":"category","embeddable":true,"href":"https:\/\/ilsovranista.com\/index.php?rest_route=%2Fwp%2Fv2%2Fcategories&post=6970"},{"taxonomy":"post_tag","embeddable":true,"href":"https:\/\/ilsovranista.com\/index.php?rest_route=%2Fwp%2Fv2%2Ftags&post=6970"}],"curies":[{"name":"wp","href":"https:\/\/api.w.org\/{rel}","templated":true}]}}