{"id":6967,"date":"2026-03-05T08:11:23","date_gmt":"2026-03-05T07:11:23","guid":{"rendered":"https:\/\/ilsovranista.com\/?p=6967"},"modified":"2026-03-05T08:11:43","modified_gmt":"2026-03-05T07:11:43","slug":"ddl-antisemitismo-malaguti-fdi-esulta-lapprovazione-arriva-in-un-momento-cruciale-per-israele","status":"publish","type":"post","link":"https:\/\/ilsovranista.com\/?p=6967","title":{"rendered":"Ddl antisemitismo, Malaguti (Fdi) esulta: l&#8217;approvazione arriva in un momento cruciale per Israele"},"content":{"rendered":"<p>&#8220;Avendo depositato alla Camera un progetto di legge sull\u2019antisemitismo, che recepisce la definizione dell\u2019IHRA, esprimo grande soddisfazione per l\u2019approvazione al Senato del disegno di legge. Le persecuzioni ingiustificate subite dal popolo ebraico nel corso della storia vengono finalmente stigmatizzate da una norma chiara e appropriata, pensata per contrastare l\u2019antisemitismo senza se e senza ma. \u00c8 ancora pi\u00f9 significativo che questo risultato sia stato raggiunto in un momento in cui Israele \u00e8 costretto a difendere la propria sopravvivenza dal\u00a0 fanatismo religioso di fazioni radicalizzate, che trovano nell\u2019odio verso il popolo ebraico la loro unica ragione di esistere\u201d.<\/p>\n<p>Lo afferma Mauro Malaguti, deputato di Fratelli d&#8217;Italia<\/p>\n","protected":false},"excerpt":{"rendered":"<p>&#8220;Avendo depositato alla Camera un progetto di legge sull\u2019antisemitismo, che recepisce la definizione dell\u2019IHRA, esprimo grande soddisfazione per l\u2019approvazione al Senato del disegno di legge. Le persecuzioni ingiustificate subite dal popolo ebraico nel corso della storia vengono finalmente stigmatizzate da una norma chiara e appropriata, pensata per contrastare l\u2019antisemitismo senza se e senza ma. \u00c8 [&hellip;]<\/p>\n","protected":false},"author":3,"featured_media":6968,"comment_status":"open","ping_status":"closed","sticky":false,"template":"","format":"standard","meta":{"om_disable_all_campaigns":false,"_monsterinsights_skip_tracking":false,"_monsterinsights_sitenote_active":false,"_monsterinsights_sitenote_note":"","_monsterinsights_sitenote_category":0,"_uf_show_specific_survey":0,"_uf_disable_surveys":false,"footnotes":""},"categories":[33],"tags":[],"class_list":{"0":"post-6967","1":"post","2":"type-post","3":"status-publish","4":"format-standard","5":"has-post-thumbnail","7":"category-politica"},"aioseo_notices":[],"_links":{"self":[{"href":"https:\/\/ilsovranista.com\/index.php?rest_route=\/wp\/v2\/posts\/6967","targetHints":{"allow":["GET"]}}],"collection":[{"href":"https:\/\/ilsovranista.com\/index.php?rest_route=\/wp\/v2\/posts"}],"about":[{"href":"https:\/\/ilsovranista.com\/index.php?rest_route=\/wp\/v2\/types\/post"}],"author":[{"embeddable":true,"href":"https:\/\/ilsovranista.com\/index.php?rest_route=\/wp\/v2\/users\/3"}],"replies":[{"embeddable":true,"href":"https:\/\/ilsovranista.com\/index.php?rest_route=%2Fwp%2Fv2%2Fcomments&post=6967"}],"version-history":[{"count":1,"href":"https:\/\/ilsovranista.com\/index.php?rest_route=\/wp\/v2\/posts\/6967\/revisions"}],"predecessor-version":[{"id":6969,"href":"https:\/\/ilsovranista.com\/index.php?rest_route=\/wp\/v2\/posts\/6967\/revisions\/6969"}],"wp:featuredmedia":[{"embeddable":true,"href":"https:\/\/ilsovranista.com\/index.php?rest_route=\/wp\/v2\/media\/6968"}],"wp:attachment":[{"href":"https:\/\/ilsovranista.com\/index.php?rest_route=%2Fwp%2Fv2%2Fmedia&parent=6967"}],"wp:term":[{"taxonomy":"category","embeddable":true,"href":"https:\/\/ilsovranista.com\/index.php?rest_route=%2Fwp%2Fv2%2Fcategories&post=6967"},{"taxonomy":"post_tag","embeddable":true,"href":"https:\/\/ilsovranista.com\/index.php?rest_route=%2Fwp%2Fv2%2Ftags&post=6967"}],"curies":[{"name":"wp","href":"https:\/\/api.w.org\/{rel}","templated":true}]}}