{"id":6965,"date":"2026-03-05T08:02:34","date_gmt":"2026-03-05T07:02:34","guid":{"rendered":"https:\/\/ilsovranista.com\/?p=6965"},"modified":"2026-03-05T08:03:16","modified_gmt":"2026-03-05T07:03:16","slug":"piano-mattei-gardini-fdi-opportunita-storica-per-sviluppo-reciproco-tra-europa-e-africa","status":"publish","type":"post","link":"https:\/\/ilsovranista.com\/?p=6965","title":{"rendered":"Piano Mattei, Gardini (Fdi): Opportunit\u00e0 storica per sviluppo reciproco tra Europa e Africa"},"content":{"rendered":"<p>Con l\u2019estensione del Piano Mattei a Congo, Ruanda, Gabon e Zambia, il <strong>Governo<\/strong> <strong>Meloni<\/strong> porta a 18 le Nazioni africane coinvolte. L\u2019Italia consolida una presenza stabile e credibile nel continente africano. Il Piano Mattei \u00e8 una strategia di politica estera e industriale che tiene insieme cooperazione e interesse nazionale: energia, infrastrutture, formazione,salute, filiere produttive e lavoro. \u00c8 cos\u00ec che si costruisce crescita: con investimenti, competenze e partnership. C\u2019\u00e8 poi un punto che qualcuno evita: se vuoi governare i fenomeni, devi intervenire sulle cause. Pi\u00f9 lavoro e pi\u00f9 stabilit\u00e0 nei territori significano meno vulnerabilit\u00e0, meno traffici, meno ricatti. \u00c8 una linea seria e pragmatica, che tutela l\u2019Italia e rafforza l\u2019Europa. \u00c8 anche un\u2019occasione per l\u2019Unione europea: il Global Gateway pu\u00f2 trovare attuazione concreta seguendo la strada indicata dall\u2019Italia, trasformando le strategie in progetti, investimenti erisultati.\u201d<\/p>\n<p>Lo dichiara <strong>Elisabetta Gardini<\/strong>, vice capogruppo di <strong>Fratelli d\u2019Italia<\/strong> alla Camera dei Deputati.<\/p>\n<p>&nbsp;<\/p>\n","protected":false},"excerpt":{"rendered":"<p>Con l\u2019estensione del Piano Mattei a Congo, Ruanda, Gabon e Zambia, il Governo Meloni porta a 18 le Nazioni africane coinvolte. L\u2019Italia consolida una presenza stabile e credibile nel continente africano. Il Piano Mattei \u00e8 una strategia di politica estera e industriale che tiene insieme cooperazione e interesse nazionale: energia, infrastrutture, formazione,salute, filiere produttive e [&hellip;]<\/p>\n","protected":false},"author":3,"featured_media":3145,"comment_status":"open","ping_status":"closed","sticky":false,"template":"","format":"standard","meta":{"om_disable_all_campaigns":false,"_monsterinsights_skip_tracking":false,"_monsterinsights_sitenote_active":false,"_monsterinsights_sitenote_note":"","_monsterinsights_sitenote_category":0,"_uf_show_specific_survey":0,"_uf_disable_surveys":false,"footnotes":""},"categories":[33],"tags":[],"class_list":{"0":"post-6965","1":"post","2":"type-post","3":"status-publish","4":"format-standard","5":"has-post-thumbnail","7":"category-politica"},"aioseo_notices":[],"_links":{"self":[{"href":"https:\/\/ilsovranista.com\/index.php?rest_route=\/wp\/v2\/posts\/6965","targetHints":{"allow":["GET"]}}],"collection":[{"href":"https:\/\/ilsovranista.com\/index.php?rest_route=\/wp\/v2\/posts"}],"about":[{"href":"https:\/\/ilsovranista.com\/index.php?rest_route=\/wp\/v2\/types\/post"}],"author":[{"embeddable":true,"href":"https:\/\/ilsovranista.com\/index.php?rest_route=\/wp\/v2\/users\/3"}],"replies":[{"embeddable":true,"href":"https:\/\/ilsovranista.com\/index.php?rest_route=%2Fwp%2Fv2%2Fcomments&post=6965"}],"version-history":[{"count":1,"href":"https:\/\/ilsovranista.com\/index.php?rest_route=\/wp\/v2\/posts\/6965\/revisions"}],"predecessor-version":[{"id":6966,"href":"https:\/\/ilsovranista.com\/index.php?rest_route=\/wp\/v2\/posts\/6965\/revisions\/6966"}],"wp:featuredmedia":[{"embeddable":true,"href":"https:\/\/ilsovranista.com\/index.php?rest_route=\/wp\/v2\/media\/3145"}],"wp:attachment":[{"href":"https:\/\/ilsovranista.com\/index.php?rest_route=%2Fwp%2Fv2%2Fmedia&parent=6965"}],"wp:term":[{"taxonomy":"category","embeddable":true,"href":"https:\/\/ilsovranista.com\/index.php?rest_route=%2Fwp%2Fv2%2Fcategories&post=6965"},{"taxonomy":"post_tag","embeddable":true,"href":"https:\/\/ilsovranista.com\/index.php?rest_route=%2Fwp%2Fv2%2Ftags&post=6965"}],"curies":[{"name":"wp","href":"https:\/\/api.w.org\/{rel}","templated":true}]}}