{"id":6961,"date":"2026-03-04T09:24:31","date_gmt":"2026-03-04T08:24:31","guid":{"rendered":"https:\/\/ilsovranista.com\/?p=6961"},"modified":"2026-03-04T09:44:27","modified_gmt":"2026-03-04T08:44:27","slug":"sergio-ramelli-una-storia-che-fa-ancora-paura-approda-a-rieti-domani-presentazione-al-liceo-classico","status":"publish","type":"post","link":"https:\/\/ilsovranista.com\/?p=6961","title":{"rendered":"&#8220;Sergio Ramelli, una storia che fa ancora paura\u201d approda a Rieti. Domani presentazione al liceo classico"},"content":{"rendered":"<p>Gioved\u00ec 5 marzo presso l&#8217;aula magna del liceo classico M T Varrone a Rieti verr\u00e0 presentato il libro\u00a0<strong>Sergio Ramelli,\u00a0<\/strong>una storia che fa ancora paura pubblicato da Idrovolante edizioni.<\/p>\n<p>Un libro di cui consiglio una attenta ed approfondita lettura che narra la vicenda di un ragazzo di 18 anni che\u00a0 viene aggredito sotto casa e spappolato il cranio a colpi di chiave inglese. Muore dopo 47 giorni di agonia. Chi era la vittima e perch\u00e9 fu ucciso con tanta violenza? In che clima era maturato quell\u2019omicidio cos\u00ec bestiale? Chi erano i carnefici: teppisti, killer professionisti, mafiosi? No, studenti universitari di Medicina. Perch\u00e9 uccisero, allora? Forse accecati dall\u2019ira, dalla gelosia o dalla paura? No, neppure conoscevano la loro vittima. Colpirono solo in nome dell\u2019odio politico. Sergio Ramelli era un militante del Fronte della Giovent\u00f9, organizzazione giovanile del Movimento Sociale Italiano.Ci vollero dieci anni per assicurarli alla giustizia e solo pi\u00f9 tardi fu possibile ricostruire tutte le tappe di quella tragica vicenda. Muovendosi tra atti processuali, articoli di giornale e testimonianze dirette questo libro spiega come ad armare la mano degli assassini sia stata una spietata ideologia che, in Italia, aveva (e ha ancora) importanti complicit\u00e0, potenti connivenze e forti leve di potere. Ecco perch\u00e9 questa \u00e8 una storia che, anche a distanza di pi\u00f9 di 50 anni, \u201cfa ancora paura\u201d, ma deve essere conosciuta, se si vuole avere una visione completa degli avvenimenti del nostro recente passato. A dialogo con <strong>Guido Giraudo<\/strong>, autore del libro ci saranno <strong>Daniele<\/strong> <strong>Sinibaldi<\/strong>, sindaco di Rieti, Paola Frassineti, sottosegretario all&#8217; istruzione moderati dalla professoressa Soave Miccadei<\/p>\n","protected":false},"excerpt":{"rendered":"<p>Gioved\u00ec 5 marzo presso l&#8217;aula magna del liceo classico M T Varrone a Rieti verr\u00e0 presentato il libro\u00a0Sergio Ramelli,\u00a0una storia che fa ancora paura pubblicato da Idrovolante edizioni. Un libro di cui consiglio una attenta ed approfondita lettura che narra la vicenda di un ragazzo di 18 anni che\u00a0 viene aggredito sotto casa e spappolato [&hellip;]<\/p>\n","protected":false},"author":3,"featured_media":6964,"comment_status":"open","ping_status":"closed","sticky":false,"template":"","format":"standard","meta":{"om_disable_all_campaigns":false,"_monsterinsights_skip_tracking":false,"_monsterinsights_sitenote_active":false,"_monsterinsights_sitenote_note":"","_monsterinsights_sitenote_category":0,"_uf_show_specific_survey":0,"_uf_disable_surveys":false,"footnotes":""},"categories":[33],"tags":[],"class_list":{"0":"post-6961","1":"post","2":"type-post","3":"status-publish","4":"format-standard","5":"has-post-thumbnail","7":"category-politica"},"aioseo_notices":[],"_links":{"self":[{"href":"https:\/\/ilsovranista.com\/index.php?rest_route=\/wp\/v2\/posts\/6961","targetHints":{"allow":["GET"]}}],"collection":[{"href":"https:\/\/ilsovranista.com\/index.php?rest_route=\/wp\/v2\/posts"}],"about":[{"href":"https:\/\/ilsovranista.com\/index.php?rest_route=\/wp\/v2\/types\/post"}],"author":[{"embeddable":true,"href":"https:\/\/ilsovranista.com\/index.php?rest_route=\/wp\/v2\/users\/3"}],"replies":[{"embeddable":true,"href":"https:\/\/ilsovranista.com\/index.php?rest_route=%2Fwp%2Fv2%2Fcomments&post=6961"}],"version-history":[{"count":1,"href":"https:\/\/ilsovranista.com\/index.php?rest_route=\/wp\/v2\/posts\/6961\/revisions"}],"predecessor-version":[{"id":6963,"href":"https:\/\/ilsovranista.com\/index.php?rest_route=\/wp\/v2\/posts\/6961\/revisions\/6963"}],"wp:featuredmedia":[{"embeddable":true,"href":"https:\/\/ilsovranista.com\/index.php?rest_route=\/wp\/v2\/media\/6964"}],"wp:attachment":[{"href":"https:\/\/ilsovranista.com\/index.php?rest_route=%2Fwp%2Fv2%2Fmedia&parent=6961"}],"wp:term":[{"taxonomy":"category","embeddable":true,"href":"https:\/\/ilsovranista.com\/index.php?rest_route=%2Fwp%2Fv2%2Fcategories&post=6961"},{"taxonomy":"post_tag","embeddable":true,"href":"https:\/\/ilsovranista.com\/index.php?rest_route=%2Fwp%2Fv2%2Ftags&post=6961"}],"curies":[{"name":"wp","href":"https:\/\/api.w.org\/{rel}","templated":true}]}}