{"id":6950,"date":"2026-03-04T07:40:31","date_gmt":"2026-03-04T06:40:31","guid":{"rendered":"https:\/\/ilsovranista.com\/?p=6950"},"modified":"2026-03-04T07:40:31","modified_gmt":"2026-03-04T06:40:31","slug":"futuro-nazionale-vannacci-smentisce-corona-mai-chiamato-per-coinvolgerlo-nel-partito","status":"publish","type":"post","link":"https:\/\/ilsovranista.com\/?p=6950","title":{"rendered":"Futuro nazionale, Vannacci smentisce Corona: &#8220;mai chiamato per coinvolgerlo nel partito&#8221;"},"content":{"rendered":"<p><strong>Fabrizio Corona<\/strong> nell&#8217;ultima puntata di &#8216;Falsissimo&#8217; ha annunciato la creazione di un suo partito, sostenendo di essere stato contattato da <strong>Roberto Vannacci<\/strong> e di aver per\u00f2 rifiutato la proposta. Una versione che l&#8217;europarlamentare e leader di Futuro Nazionale smentisce seccamente. Contattato dall&#8217;Adnkronos, <strong>Vannacci<\/strong> nega che ci sia mai stata una telefonata recente con l&#8217;ex re dei paparazzi: &#8220;No, mai avvenuta una cosa del genere. Almeno non so se si \u00e8 sbagliato, magari voleva dire qualcun altro, ma io sicuramente in questi giorni non ho chiamato nessuno&#8221;. Il generale precisa anche che non ci sarebbero stati tentativi di coinvolgimento: &#8220;Non ci siamo sentiti con Fabrizio Corona in questo periodo. L&#8217;unico momento in cui ci siamo sentiti con Corona \u00e8 stato quando \u00e8 stato fatto un podcast con il suo gruppo che \u00e8 stato pubblicato, ma parliamo di pi\u00f9 di un anno fa&#8221;.<\/p>\n","protected":false},"excerpt":{"rendered":"<p>Fabrizio Corona nell&#8217;ultima puntata di &#8216;Falsissimo&#8217; ha annunciato la creazione di un suo partito, sostenendo di essere stato contattato da Roberto Vannacci e di aver per\u00f2 rifiutato la proposta. Una versione che l&#8217;europarlamentare e leader di Futuro Nazionale smentisce seccamente. Contattato dall&#8217;Adnkronos, Vannacci nega che ci sia mai stata una telefonata recente con l&#8217;ex re [&hellip;]<\/p>\n","protected":false},"author":3,"featured_media":4477,"comment_status":"open","ping_status":"closed","sticky":false,"template":"","format":"standard","meta":{"om_disable_all_campaigns":false,"_monsterinsights_skip_tracking":false,"_monsterinsights_sitenote_active":false,"_monsterinsights_sitenote_note":"","_monsterinsights_sitenote_category":0,"_uf_show_specific_survey":0,"_uf_disable_surveys":false,"footnotes":""},"categories":[33],"tags":[],"class_list":{"0":"post-6950","1":"post","2":"type-post","3":"status-publish","4":"format-standard","5":"has-post-thumbnail","7":"category-politica"},"aioseo_notices":[],"_links":{"self":[{"href":"https:\/\/ilsovranista.com\/index.php?rest_route=\/wp\/v2\/posts\/6950","targetHints":{"allow":["GET"]}}],"collection":[{"href":"https:\/\/ilsovranista.com\/index.php?rest_route=\/wp\/v2\/posts"}],"about":[{"href":"https:\/\/ilsovranista.com\/index.php?rest_route=\/wp\/v2\/types\/post"}],"author":[{"embeddable":true,"href":"https:\/\/ilsovranista.com\/index.php?rest_route=\/wp\/v2\/users\/3"}],"replies":[{"embeddable":true,"href":"https:\/\/ilsovranista.com\/index.php?rest_route=%2Fwp%2Fv2%2Fcomments&post=6950"}],"version-history":[{"count":1,"href":"https:\/\/ilsovranista.com\/index.php?rest_route=\/wp\/v2\/posts\/6950\/revisions"}],"predecessor-version":[{"id":6951,"href":"https:\/\/ilsovranista.com\/index.php?rest_route=\/wp\/v2\/posts\/6950\/revisions\/6951"}],"wp:featuredmedia":[{"embeddable":true,"href":"https:\/\/ilsovranista.com\/index.php?rest_route=\/wp\/v2\/media\/4477"}],"wp:attachment":[{"href":"https:\/\/ilsovranista.com\/index.php?rest_route=%2Fwp%2Fv2%2Fmedia&parent=6950"}],"wp:term":[{"taxonomy":"category","embeddable":true,"href":"https:\/\/ilsovranista.com\/index.php?rest_route=%2Fwp%2Fv2%2Fcategories&post=6950"},{"taxonomy":"post_tag","embeddable":true,"href":"https:\/\/ilsovranista.com\/index.php?rest_route=%2Fwp%2Fv2%2Ftags&post=6950"}],"curies":[{"name":"wp","href":"https:\/\/api.w.org\/{rel}","templated":true}]}}