{"id":6943,"date":"2026-03-03T09:40:16","date_gmt":"2026-03-03T08:40:16","guid":{"rendered":"https:\/\/ilsovranista.com\/?p=6943"},"modified":"2026-03-03T09:40:16","modified_gmt":"2026-03-03T08:40:16","slug":"reggio-emilia-cerreto-fdi-la-decapitazione-della-meloni-e-un-atto-di-incivilta-unica","status":"publish","type":"post","link":"https:\/\/ilsovranista.com\/?p=6943","title":{"rendered":"Reggio Emilia, Cerreto (FdI): &#8221; la decapitazione della Meloni \u00e8 un atto di incivilt\u00e0 unica&#8221;"},"content":{"rendered":"<p>&#8220;Resto basito dalla notizia che durante il carnevale di Reggio Emilia il nostro premier <strong>Giorgia Meloni<\/strong>, il primo premier donna, \u00e8 stato rappresentato decapitato. Un fatto di una violenza unica e senza precedenti, di una gravit\u00e0 eccezionale. Non \u00e8 sufficiente, oggi, nascondersi dietro il dito della burla, dello scherzo, della satira o della comicit\u00e0. Vi \u00e8 un chiaro messaggio di violenza di genere e di violenza politica, tutto l\u2019arco parlamentare dovrebbe prenderne atto. Sappiamo, tuttavia, che non sar\u00e0 cos\u00ec. Il solito silenzio assordante di opposizione e magistratura gi\u00e0 \u00e8 il protagonista della vicenda. Sempre pronti a gridare allo scandalo per nulla e a girarsi dall\u2019altra parte quando ad essere letteralmente \u2018decapitata\u2019 \u00e8 una donna e per di pi\u00f9 il Presidente del Consiglio. Resto ancora fiducioso, attendo con impazienza un gesto di galanteria da chi ha fatto della violenza la propria ragione di vita politica\u201d.<\/p>\n<p>Lo.afferma in una nota, <strong>Marco Cerreto,<\/strong> deputato di <strong>Fratelli<\/strong> <strong>d&#8217;Italia<\/strong><\/p>\n","protected":false},"excerpt":{"rendered":"<p>&#8220;Resto basito dalla notizia che durante il carnevale di Reggio Emilia il nostro premier Giorgia Meloni, il primo premier donna, \u00e8 stato rappresentato decapitato. Un fatto di una violenza unica e senza precedenti, di una gravit\u00e0 eccezionale. Non \u00e8 sufficiente, oggi, nascondersi dietro il dito della burla, dello scherzo, della satira o della comicit\u00e0. Vi [&hellip;]<\/p>\n","protected":false},"author":3,"featured_media":3866,"comment_status":"open","ping_status":"closed","sticky":false,"template":"","format":"standard","meta":{"om_disable_all_campaigns":false,"_monsterinsights_skip_tracking":false,"_monsterinsights_sitenote_active":false,"_monsterinsights_sitenote_note":"","_monsterinsights_sitenote_category":0,"_uf_show_specific_survey":0,"_uf_disable_surveys":false,"footnotes":""},"categories":[33],"tags":[],"class_list":{"0":"post-6943","1":"post","2":"type-post","3":"status-publish","4":"format-standard","5":"has-post-thumbnail","7":"category-politica"},"aioseo_notices":[],"_links":{"self":[{"href":"https:\/\/ilsovranista.com\/index.php?rest_route=\/wp\/v2\/posts\/6943","targetHints":{"allow":["GET"]}}],"collection":[{"href":"https:\/\/ilsovranista.com\/index.php?rest_route=\/wp\/v2\/posts"}],"about":[{"href":"https:\/\/ilsovranista.com\/index.php?rest_route=\/wp\/v2\/types\/post"}],"author":[{"embeddable":true,"href":"https:\/\/ilsovranista.com\/index.php?rest_route=\/wp\/v2\/users\/3"}],"replies":[{"embeddable":true,"href":"https:\/\/ilsovranista.com\/index.php?rest_route=%2Fwp%2Fv2%2Fcomments&post=6943"}],"version-history":[{"count":1,"href":"https:\/\/ilsovranista.com\/index.php?rest_route=\/wp\/v2\/posts\/6943\/revisions"}],"predecessor-version":[{"id":6944,"href":"https:\/\/ilsovranista.com\/index.php?rest_route=\/wp\/v2\/posts\/6943\/revisions\/6944"}],"wp:featuredmedia":[{"embeddable":true,"href":"https:\/\/ilsovranista.com\/index.php?rest_route=\/wp\/v2\/media\/3866"}],"wp:attachment":[{"href":"https:\/\/ilsovranista.com\/index.php?rest_route=%2Fwp%2Fv2%2Fmedia&parent=6943"}],"wp:term":[{"taxonomy":"category","embeddable":true,"href":"https:\/\/ilsovranista.com\/index.php?rest_route=%2Fwp%2Fv2%2Fcategories&post=6943"},{"taxonomy":"post_tag","embeddable":true,"href":"https:\/\/ilsovranista.com\/index.php?rest_route=%2Fwp%2Fv2%2Ftags&post=6943"}],"curies":[{"name":"wp","href":"https:\/\/api.w.org\/{rel}","templated":true}]}}