{"id":6934,"date":"2026-03-02T14:27:33","date_gmt":"2026-03-02T13:27:33","guid":{"rendered":"https:\/\/ilsovranista.com\/?p=6934"},"modified":"2026-03-02T14:27:33","modified_gmt":"2026-03-02T13:27:33","slug":"nuova-moschea-a-mestre-fratelli-ditalia-tradisce-gli-italiani-la-denuncia-di-forza-nuova","status":"publish","type":"post","link":"https:\/\/ilsovranista.com\/?p=6934","title":{"rendered":"Nuova moschea a Mestre: Fratelli d&#8217;Italia tradisce gli italiani. La denuncia di Forza Nuova"},"content":{"rendered":"<p>&#8220;<strong>Forza<\/strong> <strong>Nuova<\/strong> alza la voce e dice un NO secco alla maxi-moschea islamica da 1500 posti che la comunit\u00e0 musulmana vuole imporre in via Giustizia a Mestre! Basta con l\u2019invasione islamica che avanza indisturbata sul nostro suolo sacro, basta con l\u2019islamizzazione strisciante dell\u2019Italia promossa da chi dovrebbe difendere la Patria!<\/p>\n<p><strong>Rudi<\/strong> <strong>Favaro<\/strong>, coordinatore provinciale di Venezia per Forza Nuova dichiara,:&#8221; questa non \u00e8 una semplice struttura religiosa: \u00e8 un avamposto dell\u2019occupazione islamica, un insulto alla nostra civilt\u00e0 cristiana e alle tradizioni venete! Via Giustizia diventer\u00e0 un simbolo di resa se non reagiamo ora. Non permetteremo minareti, veli e richiami alla preghiera nelle nostre citt\u00e0. Forza Nuova \u00e8 in prima linea contro questa follia: no alla moschea, no all\u2019Islam che vuole sostituirci!&#8221;<\/p>\n<p><strong>Luca<\/strong> <strong>Leardini<\/strong>, coordinatore regionale del Veneto per Forza Nuova, attacca senza mezzi termini:\u00a0 &#8220;Fratelli d\u2019Italia si smaschera ancora una volta! Nelle sue fila c\u2019\u00e8 Prince Howlader, esponente del coordinamento del partito a Venezia e promotore diretto di questo progetto moschea come portavoce dell\u2019associazione \u201cGiovani per l\u2019Umanit\u00e0\u201d! \u00c8 una vera presa per il c\u2026o agli italiani: fingono di essere patrioti, promettono di difendere l\u2019identit\u00e0 nazionale e poi aprono le porte ai nemici con uno dei loro stessi esponenti che spinge per l\u2019islamizzazione!&#8221; Questa moschea \u00e8 praticamente targata Fratelli d\u2019Italia, un tradimento vergognoso che rivela la loro ipocrisia. Forza Nuova non accetta compromessi: lotteremo per bloccare questi venduti e cacciare l\u2019invasore islamico dall\u2019Italia&#8221;Nei prossimi giorni Forza Nuova si mobiliter\u00e0, per dire basta all\u2019occupazione islamica e per svegliare i veneti traditi dai falsi patrioti. Invitiamo tutti i cittadini, i patrioti e le famiglie oneste a unirsi a noi: l\u2019Italia agli italiani! No all\u2019Islam, no ai traditori!<\/p>\n<p>&nbsp;<\/p>\n<p>&nbsp;<\/p>\n","protected":false},"excerpt":{"rendered":"<p>&#8220;Forza Nuova alza la voce e dice un NO secco alla maxi-moschea islamica da 1500 posti che la comunit\u00e0 musulmana vuole imporre in via Giustizia a Mestre! Basta con l\u2019invasione islamica che avanza indisturbata sul nostro suolo sacro, basta con l\u2019islamizzazione strisciante dell\u2019Italia promossa da chi dovrebbe difendere la Patria! Rudi Favaro, coordinatore provinciale di [&hellip;]<\/p>\n","protected":false},"author":3,"featured_media":6935,"comment_status":"open","ping_status":"closed","sticky":false,"template":"","format":"standard","meta":{"om_disable_all_campaigns":false,"_monsterinsights_skip_tracking":false,"_monsterinsights_sitenote_active":false,"_monsterinsights_sitenote_note":"","_monsterinsights_sitenote_category":0,"_uf_show_specific_survey":0,"_uf_disable_surveys":false,"footnotes":""},"categories":[33],"tags":[],"class_list":{"0":"post-6934","1":"post","2":"type-post","3":"status-publish","4":"format-standard","5":"has-post-thumbnail","7":"category-politica"},"aioseo_notices":[],"_links":{"self":[{"href":"https:\/\/ilsovranista.com\/index.php?rest_route=\/wp\/v2\/posts\/6934","targetHints":{"allow":["GET"]}}],"collection":[{"href":"https:\/\/ilsovranista.com\/index.php?rest_route=\/wp\/v2\/posts"}],"about":[{"href":"https:\/\/ilsovranista.com\/index.php?rest_route=\/wp\/v2\/types\/post"}],"author":[{"embeddable":true,"href":"https:\/\/ilsovranista.com\/index.php?rest_route=\/wp\/v2\/users\/3"}],"replies":[{"embeddable":true,"href":"https:\/\/ilsovranista.com\/index.php?rest_route=%2Fwp%2Fv2%2Fcomments&post=6934"}],"version-history":[{"count":1,"href":"https:\/\/ilsovranista.com\/index.php?rest_route=\/wp\/v2\/posts\/6934\/revisions"}],"predecessor-version":[{"id":6936,"href":"https:\/\/ilsovranista.com\/index.php?rest_route=\/wp\/v2\/posts\/6934\/revisions\/6936"}],"wp:featuredmedia":[{"embeddable":true,"href":"https:\/\/ilsovranista.com\/index.php?rest_route=\/wp\/v2\/media\/6935"}],"wp:attachment":[{"href":"https:\/\/ilsovranista.com\/index.php?rest_route=%2Fwp%2Fv2%2Fmedia&parent=6934"}],"wp:term":[{"taxonomy":"category","embeddable":true,"href":"https:\/\/ilsovranista.com\/index.php?rest_route=%2Fwp%2Fv2%2Fcategories&post=6934"},{"taxonomy":"post_tag","embeddable":true,"href":"https:\/\/ilsovranista.com\/index.php?rest_route=%2Fwp%2Fv2%2Ftags&post=6934"}],"curies":[{"name":"wp","href":"https:\/\/api.w.org\/{rel}","templated":true}]}}