{"id":6878,"date":"2026-02-27T07:36:19","date_gmt":"2026-02-27T06:36:19","guid":{"rendered":"https:\/\/ilsovranista.com\/?p=6878"},"modified":"2026-02-27T07:36:38","modified_gmt":"2026-02-27T06:36:38","slug":"montaruli-fdi-letame-contro-bongiorno-non-e-protesta-ma-sopraffazione","status":"publish","type":"post","link":"https:\/\/ilsovranista.com\/?p=6878","title":{"rendered":"Montaruli (FdI): \u201cLetame contro Bongiorno non \u00e8 protesta ma sopraffazione"},"content":{"rendered":"<p>&#8220;Esprimo la mia totale solidariet\u00e0 alla senatrice Giulia Bongiorno, vittima dell\u2019inaccettabile blitz di \u2018Non Una Di Meno\u2019 che ha scaricato letame davanti al suo studio di Milano. Colpire la relatrice del disegno di legge sulla violenza sessuale e la madre del \u2018Codice Rosso\u2019 \u00e8 un gesto immondo che nulla ha a che vedere con il diritto di critica o con la dialettica democratica: il letame contro una donna non \u00e8 protesta, \u00e8 pura sopraffazione. \u00c8sconcertante constatare come proprio chi si riempie la bocca di parole come \u2018rispetto\u2019, \u2018diritti\u2019 e \u2018lotta al patriarcato\u2019 sia poi il primo a tollerare o, peggio, fomentare questi metodi barbari. Quella stessa violenza che a parole dicono di voler combattere, nei fatti la applicano con disinvoltura e la usano come arma politica contro l\u2019avversario, cercando di disumanizzarlo per giustificare ogni bassezza. Giulia come ognuna di noi non si far\u00e0 intimidire da chi sceglie il fango, letterale e figurato, per coprire la propria inconsistenza ideologica\u201d.<\/p>\n<p>Lo ha affermato\u00a0<strong>Augusta Montaruli, <\/strong>vice capo gruppo di Fratelli d&#8217;Italia alla Camera dei Deputati<\/p>\n","protected":false},"excerpt":{"rendered":"<p>&#8220;Esprimo la mia totale solidariet\u00e0 alla senatrice Giulia Bongiorno, vittima dell\u2019inaccettabile blitz di \u2018Non Una Di Meno\u2019 che ha scaricato letame davanti al suo studio di Milano. Colpire la relatrice del disegno di legge sulla violenza sessuale e la madre del \u2018Codice Rosso\u2019 \u00e8 un gesto immondo che nulla ha a che vedere con il [&hellip;]<\/p>\n","protected":false},"author":3,"featured_media":4510,"comment_status":"open","ping_status":"closed","sticky":false,"template":"","format":"standard","meta":{"om_disable_all_campaigns":false,"_monsterinsights_skip_tracking":false,"_monsterinsights_sitenote_active":false,"_monsterinsights_sitenote_note":"","_monsterinsights_sitenote_category":0,"_uf_show_specific_survey":0,"_uf_disable_surveys":false,"footnotes":""},"categories":[33],"tags":[],"class_list":{"0":"post-6878","1":"post","2":"type-post","3":"status-publish","4":"format-standard","5":"has-post-thumbnail","7":"category-politica"},"aioseo_notices":[],"_links":{"self":[{"href":"https:\/\/ilsovranista.com\/index.php?rest_route=\/wp\/v2\/posts\/6878","targetHints":{"allow":["GET"]}}],"collection":[{"href":"https:\/\/ilsovranista.com\/index.php?rest_route=\/wp\/v2\/posts"}],"about":[{"href":"https:\/\/ilsovranista.com\/index.php?rest_route=\/wp\/v2\/types\/post"}],"author":[{"embeddable":true,"href":"https:\/\/ilsovranista.com\/index.php?rest_route=\/wp\/v2\/users\/3"}],"replies":[{"embeddable":true,"href":"https:\/\/ilsovranista.com\/index.php?rest_route=%2Fwp%2Fv2%2Fcomments&post=6878"}],"version-history":[{"count":1,"href":"https:\/\/ilsovranista.com\/index.php?rest_route=\/wp\/v2\/posts\/6878\/revisions"}],"predecessor-version":[{"id":6879,"href":"https:\/\/ilsovranista.com\/index.php?rest_route=\/wp\/v2\/posts\/6878\/revisions\/6879"}],"wp:featuredmedia":[{"embeddable":true,"href":"https:\/\/ilsovranista.com\/index.php?rest_route=\/wp\/v2\/media\/4510"}],"wp:attachment":[{"href":"https:\/\/ilsovranista.com\/index.php?rest_route=%2Fwp%2Fv2%2Fmedia&parent=6878"}],"wp:term":[{"taxonomy":"category","embeddable":true,"href":"https:\/\/ilsovranista.com\/index.php?rest_route=%2Fwp%2Fv2%2Fcategories&post=6878"},{"taxonomy":"post_tag","embeddable":true,"href":"https:\/\/ilsovranista.com\/index.php?rest_route=%2Fwp%2Fv2%2Ftags&post=6878"}],"curies":[{"name":"wp","href":"https:\/\/api.w.org\/{rel}","templated":true}]}}