{"id":6867,"date":"2026-02-26T09:04:05","date_gmt":"2026-02-26T08:04:05","guid":{"rendered":"https:\/\/ilsovranista.com\/?p=6867"},"modified":"2026-02-26T09:04:47","modified_gmt":"2026-02-26T08:04:47","slug":"comunali-roma-rinaldi-sara-sul-tavolo-del-centrodestra-lannuncio-della-lega","status":"publish","type":"post","link":"https:\/\/ilsovranista.com\/?p=6867","title":{"rendered":"Comunali Roma, il nome di Rinaldi sar\u00e0 sul tavolo del centrodestra. L&#8217;annuncio della Lega"},"content":{"rendered":"<p>Nel corso dell\u2019assemblea regionale della Lega nel Lazio, \u00e8 stato pi\u00f9 volte ringraziato <strong>Antonio Rinaldi<\/strong>, gi\u00e0 europarlamentare, per essersi messo a disposizione del partito come candidato sindaco alle prossime elezioni amministrative di Roma Capitale.Sar\u00e0 questo il profilo che la Lega porter\u00e0 al tavolo del centrodestra, auspicando di incontrare la coalizione il prima possibile per decidere il nome da sostenere. Fondamentale, secondo il coordinatore regionale Davide Bordoni, muoversi per tempo, come ha fatto la Lega che per prima ha individuato il profilo migliore, perch\u00e9 in grandi citt\u00e0 come Roma questo pu\u00f2 fare davvero la differenza.Cos\u00ec una nota della segreteria Lega Lazio.<\/p>\n<p>&nbsp;<\/p>\n","protected":false},"excerpt":{"rendered":"<p>Nel corso dell\u2019assemblea regionale della Lega nel Lazio, \u00e8 stato pi\u00f9 volte ringraziato Antonio Rinaldi, gi\u00e0 europarlamentare, per essersi messo a disposizione del partito come candidato sindaco alle prossime elezioni amministrative di Roma Capitale.Sar\u00e0 questo il profilo che la Lega porter\u00e0 al tavolo del centrodestra, auspicando di incontrare la coalizione il prima possibile per decidere [&hellip;]<\/p>\n","protected":false},"author":3,"featured_media":6868,"comment_status":"open","ping_status":"closed","sticky":false,"template":"","format":"standard","meta":{"om_disable_all_campaigns":false,"_monsterinsights_skip_tracking":false,"_monsterinsights_sitenote_active":false,"_monsterinsights_sitenote_note":"","_monsterinsights_sitenote_category":0,"_uf_show_specific_survey":0,"_uf_disable_surveys":false,"footnotes":""},"categories":[33],"tags":[],"class_list":{"0":"post-6867","1":"post","2":"type-post","3":"status-publish","4":"format-standard","5":"has-post-thumbnail","7":"category-politica"},"aioseo_notices":[],"_links":{"self":[{"href":"https:\/\/ilsovranista.com\/index.php?rest_route=\/wp\/v2\/posts\/6867","targetHints":{"allow":["GET"]}}],"collection":[{"href":"https:\/\/ilsovranista.com\/index.php?rest_route=\/wp\/v2\/posts"}],"about":[{"href":"https:\/\/ilsovranista.com\/index.php?rest_route=\/wp\/v2\/types\/post"}],"author":[{"embeddable":true,"href":"https:\/\/ilsovranista.com\/index.php?rest_route=\/wp\/v2\/users\/3"}],"replies":[{"embeddable":true,"href":"https:\/\/ilsovranista.com\/index.php?rest_route=%2Fwp%2Fv2%2Fcomments&post=6867"}],"version-history":[{"count":2,"href":"https:\/\/ilsovranista.com\/index.php?rest_route=\/wp\/v2\/posts\/6867\/revisions"}],"predecessor-version":[{"id":6870,"href":"https:\/\/ilsovranista.com\/index.php?rest_route=\/wp\/v2\/posts\/6867\/revisions\/6870"}],"wp:featuredmedia":[{"embeddable":true,"href":"https:\/\/ilsovranista.com\/index.php?rest_route=\/wp\/v2\/media\/6868"}],"wp:attachment":[{"href":"https:\/\/ilsovranista.com\/index.php?rest_route=%2Fwp%2Fv2%2Fmedia&parent=6867"}],"wp:term":[{"taxonomy":"category","embeddable":true,"href":"https:\/\/ilsovranista.com\/index.php?rest_route=%2Fwp%2Fv2%2Fcategories&post=6867"},{"taxonomy":"post_tag","embeddable":true,"href":"https:\/\/ilsovranista.com\/index.php?rest_route=%2Fwp%2Fv2%2Ftags&post=6867"}],"curies":[{"name":"wp","href":"https:\/\/api.w.org\/{rel}","templated":true}]}}