{"id":677,"date":"2025-01-10T05:42:42","date_gmt":"2025-01-10T04:42:42","guid":{"rendered":"https:\/\/ilsovranista.com\/?p=677"},"modified":"2025-01-10T05:42:42","modified_gmt":"2025-01-10T04:42:42","slug":"regionali-veneto-marcato-lega-spetta-a-noi-con-zaia-o-andiamo-da-soli-al-voto","status":"publish","type":"post","link":"https:\/\/ilsovranista.com\/?p=677","title":{"rendered":"Regionali Veneto, Marcato (Lega): &#8220;spetta a noi con Zaia o andiamo da soli al voto&#8221;"},"content":{"rendered":"<p>&#8220;<strong>Il candidato alla guida della presidenza della regione Veneto spetta alla Lega<\/strong>. O c&#8217;\u00e8 questa volont\u00e0 comune di tutti i partiti del Centrodestra o alle elezioni regionali corriamo da soli&#8221;.<\/p>\n<p>Lo afferma ai colleghi di\u00a0<strong>Affaritaliani.it\u00a0<\/strong><strong>Roberto Marcato\u00a0<\/strong>assessore regionale del Veneto, leghista della prima ora, dopo i dubbi espressi da Giorgia Meloni in conferenza stampa sul terzo mandato per i Governatori regionali,<br \/>\n&#8220;Devono, e sottolineo devono, essere i cittadini a decidere. Non ci devono assolutamente essere limiti ai mandati dei presidenti di regione. Se i campani vogliono ancora De Luca che se lo tengano, \u00e8 una loro libera scelta. Come \u00e8 una scelta dei veneti quella di avere nuovamente Zaia presidente. Non pu\u00f2 decidere il Parlamento, devono decidere i cittadini liberamente. Quando dicono che due mandati sono troppi mi viene da ridere, se uno \u00e8 lazzarone lo \u00e8 anche dopo due mesi dalle elezioni&#8221;<\/p>\n<p>&#8220;Zaia, conclude Marcato, merita la rielezione a presidente del Veneto e deve essere rieletto. E sia chiaro, o il candidato \u00e8 della Lega o noi alle prossime Regionali andiamo da soli&#8221;<\/p>\n","protected":false},"excerpt":{"rendered":"<p>&#8220;Il candidato alla guida della presidenza della regione Veneto spetta alla Lega. O c&#8217;\u00e8 questa volont\u00e0 comune di tutti i partiti del Centrodestra o alle elezioni regionali corriamo da soli&#8221;. Lo afferma ai colleghi di\u00a0Affaritaliani.it\u00a0Roberto Marcato\u00a0assessore regionale del Veneto, leghista della prima ora, dopo i dubbi espressi da Giorgia Meloni in conferenza stampa sul terzo [&hellip;]<\/p>\n","protected":false},"author":3,"featured_media":678,"comment_status":"open","ping_status":"closed","sticky":false,"template":"","format":"standard","meta":{"om_disable_all_campaigns":false,"_monsterinsights_skip_tracking":false,"_monsterinsights_sitenote_active":false,"_monsterinsights_sitenote_note":"","_monsterinsights_sitenote_category":0,"_uf_show_specific_survey":0,"_uf_disable_surveys":false,"footnotes":""},"categories":[33],"tags":[],"class_list":{"0":"post-677","1":"post","2":"type-post","3":"status-publish","4":"format-standard","5":"has-post-thumbnail","7":"category-politica"},"aioseo_notices":[],"_links":{"self":[{"href":"https:\/\/ilsovranista.com\/index.php?rest_route=\/wp\/v2\/posts\/677","targetHints":{"allow":["GET"]}}],"collection":[{"href":"https:\/\/ilsovranista.com\/index.php?rest_route=\/wp\/v2\/posts"}],"about":[{"href":"https:\/\/ilsovranista.com\/index.php?rest_route=\/wp\/v2\/types\/post"}],"author":[{"embeddable":true,"href":"https:\/\/ilsovranista.com\/index.php?rest_route=\/wp\/v2\/users\/3"}],"replies":[{"embeddable":true,"href":"https:\/\/ilsovranista.com\/index.php?rest_route=%2Fwp%2Fv2%2Fcomments&post=677"}],"version-history":[{"count":1,"href":"https:\/\/ilsovranista.com\/index.php?rest_route=\/wp\/v2\/posts\/677\/revisions"}],"predecessor-version":[{"id":679,"href":"https:\/\/ilsovranista.com\/index.php?rest_route=\/wp\/v2\/posts\/677\/revisions\/679"}],"wp:featuredmedia":[{"embeddable":true,"href":"https:\/\/ilsovranista.com\/index.php?rest_route=\/wp\/v2\/media\/678"}],"wp:attachment":[{"href":"https:\/\/ilsovranista.com\/index.php?rest_route=%2Fwp%2Fv2%2Fmedia&parent=677"}],"wp:term":[{"taxonomy":"category","embeddable":true,"href":"https:\/\/ilsovranista.com\/index.php?rest_route=%2Fwp%2Fv2%2Fcategories&post=677"},{"taxonomy":"post_tag","embeddable":true,"href":"https:\/\/ilsovranista.com\/index.php?rest_route=%2Fwp%2Fv2%2Ftags&post=677"}],"curies":[{"name":"wp","href":"https:\/\/api.w.org\/{rel}","templated":true}]}}