{"id":6748,"date":"2026-02-18T09:36:59","date_gmt":"2026-02-18T08:36:59","guid":{"rendered":"https:\/\/ilsovranista.com\/?p=6748"},"modified":"2026-02-18T09:36:59","modified_gmt":"2026-02-18T08:36:59","slug":"omicidio-quentin-fidanza-fdi-smantellare-le-reti-criminali-internazionali-dellestrema-sinistra","status":"publish","type":"post","link":"https:\/\/ilsovranista.com\/?p=6748","title":{"rendered":"Omicidio Quentin, Fidanza (FdI): smantellare le reti criminali internazionali dell\u2019estrema sinistra"},"content":{"rendered":"<p>Ormai \u00e8 sempre pi\u00f9 chiaro: esiste un filo rosso che lega le organizzazioni terroristiche di estrema sinistra in tutta Europa. La presenza di Rapha\u00ebl Arnault, deputato de La France Insoumise e capo della \u2018Jeune Garde\u2019 protagonista dell\u2019aggressione omicida a Quentin Deranque, alle manifestazioni antifasciste di Roma in occasione dell\u2019anniversario di Acca Larentia ne \u00e8 l\u2019ennesima conferma. Cos\u00ec come lo \u00e8 la presenza di giovani stranieri tra gli aggressori dei militanti di Giovent\u00f9 Nazionale avvenuta in quelle stesse ore, con modalit\u00e0 tristemente simili a quelle che hanno portato alla morte del giovane francese. Un\u2019alleanza nata sulle montagne della Val di Susa negli attacchi No Tav ai cantieri e alle forze dell\u2019ordine; un\u2019alleanza allargata alla \u2018Hammerbande\u2019 tedesca, la famigerata \u2018Banda del martello\u2019 i cui membri furono protagonisti di numerose violenze, comprese quelle di Budapest nel corso delle quali venne arrestata Ilaria Salis. Oggi c\u2019\u00e8 una nuova centrale criminale dell\u2019antifascismo militante, che agisce in molti Paesi europei, con collegamenti stretti e tecniche simili. Di fronte a questo pericolo per la democrazia e la civile convivenza, la reazione deve essere durissima e unanime, senza le vergognose ambiguit\u00e0 di quel pezzo di sinistra politica e culturale che continua a coccolare queste frange. Occorre rafforzare il coordinamento tra le forze di polizia nazionali e con Europol e, una volta accertati tutti i collegamenti, inserire questa rete di estremismo criminale nella lista Ue delle organizzazioni terroristiche internazionali&#8221;.<\/p>\n<p>Lo ha affermato in una nota, <strong>Carlo Fidanza,<\/strong> parlamentare europeo di <strong>Fratelli<\/strong> <strong>d&#8217;Italia<\/strong><\/p>\n<p>&nbsp;<\/p>\n","protected":false},"excerpt":{"rendered":"<p>Ormai \u00e8 sempre pi\u00f9 chiaro: esiste un filo rosso che lega le organizzazioni terroristiche di estrema sinistra in tutta Europa. La presenza di Rapha\u00ebl Arnault, deputato de La France Insoumise e capo della \u2018Jeune Garde\u2019 protagonista dell\u2019aggressione omicida a Quentin Deranque, alle manifestazioni antifasciste di Roma in occasione dell\u2019anniversario di Acca Larentia ne \u00e8 l\u2019ennesima [&hellip;]<\/p>\n","protected":false},"author":3,"featured_media":2383,"comment_status":"open","ping_status":"closed","sticky":false,"template":"","format":"standard","meta":{"om_disable_all_campaigns":false,"_monsterinsights_skip_tracking":false,"_monsterinsights_sitenote_active":false,"_monsterinsights_sitenote_note":"","_monsterinsights_sitenote_category":0,"_uf_show_specific_survey":0,"_uf_disable_surveys":false,"footnotes":""},"categories":[33],"tags":[],"class_list":{"0":"post-6748","1":"post","2":"type-post","3":"status-publish","4":"format-standard","5":"has-post-thumbnail","7":"category-politica"},"aioseo_notices":[],"_links":{"self":[{"href":"https:\/\/ilsovranista.com\/index.php?rest_route=\/wp\/v2\/posts\/6748","targetHints":{"allow":["GET"]}}],"collection":[{"href":"https:\/\/ilsovranista.com\/index.php?rest_route=\/wp\/v2\/posts"}],"about":[{"href":"https:\/\/ilsovranista.com\/index.php?rest_route=\/wp\/v2\/types\/post"}],"author":[{"embeddable":true,"href":"https:\/\/ilsovranista.com\/index.php?rest_route=\/wp\/v2\/users\/3"}],"replies":[{"embeddable":true,"href":"https:\/\/ilsovranista.com\/index.php?rest_route=%2Fwp%2Fv2%2Fcomments&post=6748"}],"version-history":[{"count":1,"href":"https:\/\/ilsovranista.com\/index.php?rest_route=\/wp\/v2\/posts\/6748\/revisions"}],"predecessor-version":[{"id":6749,"href":"https:\/\/ilsovranista.com\/index.php?rest_route=\/wp\/v2\/posts\/6748\/revisions\/6749"}],"wp:featuredmedia":[{"embeddable":true,"href":"https:\/\/ilsovranista.com\/index.php?rest_route=\/wp\/v2\/media\/2383"}],"wp:attachment":[{"href":"https:\/\/ilsovranista.com\/index.php?rest_route=%2Fwp%2Fv2%2Fmedia&parent=6748"}],"wp:term":[{"taxonomy":"category","embeddable":true,"href":"https:\/\/ilsovranista.com\/index.php?rest_route=%2Fwp%2Fv2%2Fcategories&post=6748"},{"taxonomy":"post_tag","embeddable":true,"href":"https:\/\/ilsovranista.com\/index.php?rest_route=%2Fwp%2Fv2%2Ftags&post=6748"}],"curies":[{"name":"wp","href":"https:\/\/api.w.org\/{rel}","templated":true}]}}