{"id":6701,"date":"2026-02-14T12:46:57","date_gmt":"2026-02-14T11:46:57","guid":{"rendered":"https:\/\/ilsovranista.com\/?p=6701"},"modified":"2026-02-14T12:46:57","modified_gmt":"2026-02-14T11:46:57","slug":"futuro-della-lega-molinari-avanti-con-lautonomia","status":"publish","type":"post","link":"https:\/\/ilsovranista.com\/?p=6701","title":{"rendered":"Futuro della Lega, Molinari: avanti con l&#8217;autonomia"},"content":{"rendered":"<p>&#8221; La lega \u00e8 sempre stata dei leghisti. Non abbiamo mai smesso di lavorare sui temi identitari e su cui stiamo ottenendo grandi risultati grazie anche alla spinta del segretario Salvini, che venivano oscurati da certi dichiarazioni di altri&#8221;. Cos\u00ec il capogruppo alla Camera della Lega, Riccardo Molinari, all\u2019uscita dal consiglio federale in via Bellerio a Milano. &#8220;Tanto per fare un esempio concreto questa settimana probabilmente mercoled\u00ec in consiglio dei Ministri verranno approvate le preintese delle quattro regioni Liguria, Piemonte e Lombardia e Veneto che hanno avviato il percorso per l&#8217;autonomia e questo \u00e8 un ulteriore passaggio fondamentale perch\u00e9 dopo questo ci sar\u00e0 l&#8217;approvazione in conferenza delle regioni e poi i primi atti parlamentari di indirizzo. Stiamo andando a passo veloce verso la realizzazione dell&#8217;autonomia che \u00e8 da sempre il pilastro della nostra azione politica\u201d.<\/p>\n","protected":false},"excerpt":{"rendered":"<p>&#8221; La lega \u00e8 sempre stata dei leghisti. Non abbiamo mai smesso di lavorare sui temi identitari e su cui stiamo ottenendo grandi risultati grazie anche alla spinta del segretario Salvini, che venivano oscurati da certi dichiarazioni di altri&#8221;. Cos\u00ec il capogruppo alla Camera della Lega, Riccardo Molinari, all\u2019uscita dal consiglio federale in via Bellerio [&hellip;]<\/p>\n","protected":false},"author":3,"featured_media":2120,"comment_status":"open","ping_status":"closed","sticky":false,"template":"","format":"standard","meta":{"om_disable_all_campaigns":false,"_monsterinsights_skip_tracking":false,"_monsterinsights_sitenote_active":false,"_monsterinsights_sitenote_note":"","_monsterinsights_sitenote_category":0,"_uf_show_specific_survey":0,"_uf_disable_surveys":false,"footnotes":""},"categories":[33],"tags":[],"class_list":{"0":"post-6701","1":"post","2":"type-post","3":"status-publish","4":"format-standard","5":"has-post-thumbnail","7":"category-politica"},"aioseo_notices":[],"_links":{"self":[{"href":"https:\/\/ilsovranista.com\/index.php?rest_route=\/wp\/v2\/posts\/6701","targetHints":{"allow":["GET"]}}],"collection":[{"href":"https:\/\/ilsovranista.com\/index.php?rest_route=\/wp\/v2\/posts"}],"about":[{"href":"https:\/\/ilsovranista.com\/index.php?rest_route=\/wp\/v2\/types\/post"}],"author":[{"embeddable":true,"href":"https:\/\/ilsovranista.com\/index.php?rest_route=\/wp\/v2\/users\/3"}],"replies":[{"embeddable":true,"href":"https:\/\/ilsovranista.com\/index.php?rest_route=%2Fwp%2Fv2%2Fcomments&post=6701"}],"version-history":[{"count":1,"href":"https:\/\/ilsovranista.com\/index.php?rest_route=\/wp\/v2\/posts\/6701\/revisions"}],"predecessor-version":[{"id":6702,"href":"https:\/\/ilsovranista.com\/index.php?rest_route=\/wp\/v2\/posts\/6701\/revisions\/6702"}],"wp:featuredmedia":[{"embeddable":true,"href":"https:\/\/ilsovranista.com\/index.php?rest_route=\/wp\/v2\/media\/2120"}],"wp:attachment":[{"href":"https:\/\/ilsovranista.com\/index.php?rest_route=%2Fwp%2Fv2%2Fmedia&parent=6701"}],"wp:term":[{"taxonomy":"category","embeddable":true,"href":"https:\/\/ilsovranista.com\/index.php?rest_route=%2Fwp%2Fv2%2Fcategories&post=6701"},{"taxonomy":"post_tag","embeddable":true,"href":"https:\/\/ilsovranista.com\/index.php?rest_route=%2Fwp%2Fv2%2Ftags&post=6701"}],"curies":[{"name":"wp","href":"https:\/\/api.w.org\/{rel}","templated":true}]}}