{"id":6687,"date":"2026-02-12T10:31:31","date_gmt":"2026-02-12T09:31:31","guid":{"rendered":"https:\/\/ilsovranista.com\/?p=6687"},"modified":"2026-02-12T10:31:31","modified_gmt":"2026-02-12T09:31:31","slug":"ddl-immigrazione-berrino-fdi-misure-concrete-per-rafforzare-il-controllo-dei-confini","status":"publish","type":"post","link":"https:\/\/ilsovranista.com\/?p=6687","title":{"rendered":"Ddl Immigrazione. Berrino (FdI):  misure concrete per rafforzare il controllo dei confini"},"content":{"rendered":"<p>&#8220;Il Consiglio dei Ministri ha assunto una decisione importante e responsabile nell\u2019interesse dell\u2019Italia.Il disegno di legge approvato introduce la possibilit\u00e0 di disporre l\u2019interdizione temporanea dell\u2019ingresso nelle acque territoriali in presenza di una minaccia grave all\u2019ordine pubblico, alla sicurezza nazionale o di una pressione migratoria eccezionale. Prima che l\u2019opposizione tutta si stracci le vesti, si tratta di uno strumento attivabile solo in condizioni straordinarie e con durata definita a 30 giorni e prorogabile nei casi previsti nel pieno rispetto del diritto internazionale e degli obblighi europei.<\/p>\n<p>Non \u00e8 uno slogan, ma una misura concreta che rafforza il controllo dei confini, contrasta l\u2019immigrazione irregolare e tutela la sicurezza dei cittadini. \u00c8 una scelta coerente con il nuovo patto europeo su migrazione e asilo e con il principio che uno Stato serio deve saper governare i flussi migratori con fermezza e responsabilit\u00e0. Da sempre sosteniamo con convinzione questo intervento, difendere i confini significa difendere la legalit\u00e0, la sicurezza e la dignit\u00e0 stessa anche dei migranti\u201d.<\/p>\n<p>Lo dichiara il senatore <strong>Gianni Berrino<\/strong>, capogruppo di <strong>Fratelli d\u2019Italia<\/strong> in commissione Giustizia a Palazzo Madama.<\/p>\n","protected":false},"excerpt":{"rendered":"<p>&#8220;Il Consiglio dei Ministri ha assunto una decisione importante e responsabile nell\u2019interesse dell\u2019Italia.Il disegno di legge approvato introduce la possibilit\u00e0 di disporre l\u2019interdizione temporanea dell\u2019ingresso nelle acque territoriali in presenza di una minaccia grave all\u2019ordine pubblico, alla sicurezza nazionale o di una pressione migratoria eccezionale. Prima che l\u2019opposizione tutta si stracci le vesti, si tratta [&hellip;]<\/p>\n","protected":false},"author":3,"featured_media":1228,"comment_status":"open","ping_status":"closed","sticky":false,"template":"","format":"standard","meta":{"om_disable_all_campaigns":false,"_monsterinsights_skip_tracking":false,"_monsterinsights_sitenote_active":false,"_monsterinsights_sitenote_note":"","_monsterinsights_sitenote_category":0,"_uf_show_specific_survey":0,"_uf_disable_surveys":false,"footnotes":""},"categories":[33],"tags":[],"class_list":{"0":"post-6687","1":"post","2":"type-post","3":"status-publish","4":"format-standard","5":"has-post-thumbnail","7":"category-politica"},"aioseo_notices":[],"_links":{"self":[{"href":"https:\/\/ilsovranista.com\/index.php?rest_route=\/wp\/v2\/posts\/6687","targetHints":{"allow":["GET"]}}],"collection":[{"href":"https:\/\/ilsovranista.com\/index.php?rest_route=\/wp\/v2\/posts"}],"about":[{"href":"https:\/\/ilsovranista.com\/index.php?rest_route=\/wp\/v2\/types\/post"}],"author":[{"embeddable":true,"href":"https:\/\/ilsovranista.com\/index.php?rest_route=\/wp\/v2\/users\/3"}],"replies":[{"embeddable":true,"href":"https:\/\/ilsovranista.com\/index.php?rest_route=%2Fwp%2Fv2%2Fcomments&post=6687"}],"version-history":[{"count":1,"href":"https:\/\/ilsovranista.com\/index.php?rest_route=\/wp\/v2\/posts\/6687\/revisions"}],"predecessor-version":[{"id":6689,"href":"https:\/\/ilsovranista.com\/index.php?rest_route=\/wp\/v2\/posts\/6687\/revisions\/6689"}],"wp:featuredmedia":[{"embeddable":true,"href":"https:\/\/ilsovranista.com\/index.php?rest_route=\/wp\/v2\/media\/1228"}],"wp:attachment":[{"href":"https:\/\/ilsovranista.com\/index.php?rest_route=%2Fwp%2Fv2%2Fmedia&parent=6687"}],"wp:term":[{"taxonomy":"category","embeddable":true,"href":"https:\/\/ilsovranista.com\/index.php?rest_route=%2Fwp%2Fv2%2Fcategories&post=6687"},{"taxonomy":"post_tag","embeddable":true,"href":"https:\/\/ilsovranista.com\/index.php?rest_route=%2Fwp%2Fv2%2Ftags&post=6687"}],"curies":[{"name":"wp","href":"https:\/\/api.w.org\/{rel}","templated":true}]}}