{"id":6479,"date":"2026-01-29T08:04:25","date_gmt":"2026-01-29T07:04:25","guid":{"rendered":"https:\/\/ilsovranista.com\/?p=6479"},"modified":"2026-01-29T08:04:25","modified_gmt":"2026-01-29T07:04:25","slug":"trasferte-vietate-ai-tifosi-del-napoli-librandi-fi-sicurezza-priorita-assoluta-ma-senza-colpire-unintera-tifoseria","status":"publish","type":"post","link":"https:\/\/ilsovranista.com\/?p=6479","title":{"rendered":"Trasferte vietate ai tifosi del Napoli, Librandi (Fi): sicurezza priorit\u00e0 assoluta ma senza colpire un&#8217;intera tifoseria"},"content":{"rendered":"<p>&#8220;Condanniamo senza esitazioni ogni episodio di violenza e comprendiamo le ragioni che hanno spinto il Viminale ad adottare misure cos\u00ec rigorose. La sicurezza e l\u2019ordine pubblico vengono prima di tutto e su questo non ci possono essere ambiguit\u00e0&#8221;.<\/p>\n<p>Lo ha affermato <strong>Gianfranco<\/strong> <strong>Librandi<\/strong>, vicesegretario regionale di <strong>Forza<\/strong> <strong>Italia<\/strong> in Campania, intervenendo sulla decisione di vietare le trasferte dei tifosi del Napoli fino al termine del campionato, richiama la necessit\u00e0 di distinguere tra \u201cchi si rende responsabile di atti violenti e la stragrande maggioranza dei tifosi\u201d.<\/p>\n<p>Detto questo, precisa Librandi, non possiamo far finta di non vedere che provvedimenti generalizzati finiscono per penalizzare anche migliaia di tifosi perbene, famiglie e appassionati che vivono lo sport come passione e partecipazione civile. \u00c8 giusto colpire duramente chi sbaglia, ma \u00e8 altrettanto giusto evitare che a pagare siano indistintamente persone che non hanno alcuna responsabilit\u00e0\u201d.<\/p>\n<p>La fermezza, conclude Librandi \u00e8 necessaria, ma deve andare di pari passo con l\u2019equilibrio e con la capacit\u00e0 di distinguere. Colpire i singoli responsabili rafforza lo Stato e le istituzioni, mentre colpire un\u2019intera comunit\u00e0 di tifosi rischia di alimentare solo frustrazione e senso di ingiustizia<\/p>\n","protected":false},"excerpt":{"rendered":"<p>&#8220;Condanniamo senza esitazioni ogni episodio di violenza e comprendiamo le ragioni che hanno spinto il Viminale ad adottare misure cos\u00ec rigorose. La sicurezza e l\u2019ordine pubblico vengono prima di tutto e su questo non ci possono essere ambiguit\u00e0&#8221;. Lo ha affermato Gianfranco Librandi, vicesegretario regionale di Forza Italia in Campania, intervenendo sulla decisione di vietare [&hellip;]<\/p>\n","protected":false},"author":3,"featured_media":6480,"comment_status":"open","ping_status":"closed","sticky":false,"template":"","format":"standard","meta":{"om_disable_all_campaigns":false,"_monsterinsights_skip_tracking":false,"_monsterinsights_sitenote_active":false,"_monsterinsights_sitenote_note":"","_monsterinsights_sitenote_category":0,"_uf_show_specific_survey":0,"_uf_disable_surveys":false,"footnotes":""},"categories":[36],"tags":[],"class_list":{"0":"post-6479","1":"post","2":"type-post","3":"status-publish","4":"format-standard","5":"has-post-thumbnail","7":"category-prima-i-territori"},"aioseo_notices":[],"_links":{"self":[{"href":"https:\/\/ilsovranista.com\/index.php?rest_route=\/wp\/v2\/posts\/6479","targetHints":{"allow":["GET"]}}],"collection":[{"href":"https:\/\/ilsovranista.com\/index.php?rest_route=\/wp\/v2\/posts"}],"about":[{"href":"https:\/\/ilsovranista.com\/index.php?rest_route=\/wp\/v2\/types\/post"}],"author":[{"embeddable":true,"href":"https:\/\/ilsovranista.com\/index.php?rest_route=\/wp\/v2\/users\/3"}],"replies":[{"embeddable":true,"href":"https:\/\/ilsovranista.com\/index.php?rest_route=%2Fwp%2Fv2%2Fcomments&post=6479"}],"version-history":[{"count":2,"href":"https:\/\/ilsovranista.com\/index.php?rest_route=\/wp\/v2\/posts\/6479\/revisions"}],"predecessor-version":[{"id":6482,"href":"https:\/\/ilsovranista.com\/index.php?rest_route=\/wp\/v2\/posts\/6479\/revisions\/6482"}],"wp:featuredmedia":[{"embeddable":true,"href":"https:\/\/ilsovranista.com\/index.php?rest_route=\/wp\/v2\/media\/6480"}],"wp:attachment":[{"href":"https:\/\/ilsovranista.com\/index.php?rest_route=%2Fwp%2Fv2%2Fmedia&parent=6479"}],"wp:term":[{"taxonomy":"category","embeddable":true,"href":"https:\/\/ilsovranista.com\/index.php?rest_route=%2Fwp%2Fv2%2Fcategories&post=6479"},{"taxonomy":"post_tag","embeddable":true,"href":"https:\/\/ilsovranista.com\/index.php?rest_route=%2Fwp%2Fv2%2Ftags&post=6479"}],"curies":[{"name":"wp","href":"https:\/\/api.w.org\/{rel}","templated":true}]}}