{"id":6454,"date":"2026-01-27T08:12:47","date_gmt":"2026-01-27T07:12:47","guid":{"rendered":"https:\/\/ilsovranista.com\/?p=6454"},"modified":"2026-01-27T08:12:47","modified_gmt":"2026-01-27T07:12:47","slug":"lega-vannacci-prossimo-alladdio-un-suo-movimento-vale-il-2","status":"publish","type":"post","link":"https:\/\/ilsovranista.com\/?p=6454","title":{"rendered":"Lega, Vannacci prossimo all&#8217;addio? Un suo movimento vale il 2%"},"content":{"rendered":"<p>Chi vuole pi\u00f9 di tutti un ipotetico partito di Vannacci? Non credo il generale, che da poco ha ottenuto la tessera del Carroccio e il grado di vice segretario federale bens\u00ec i vannacciani, che cercano uno spazio politico ma che nella Lega non riescono a trovarlo. Basta leggere cosa scrivono questi fan di Vannacci sui social network e pensare a quanti team si sono strutturati in Italia ai quali si aggiunge anche la Fondazione Generazione Decima. Un apparato che ha due obiettivi: strutturarsi per lanciare una OPA sul Carroccio, impresa difficile per non dire impossibile, o per sorreggere il lancio di un nuovo soggetto politico di respiro sovranista sul modello Afd in Germania.<\/p>\n<p>Il Generale intervistato dal Corriere nega che l&#8217;addio al Carroccio sia in agenda. D&#8217;altronde che senso avrebbe incontrare in settimana Salvini?<\/p>\n<p>Ipotizzando un clamoroso addio di Vannacci alla Lega, la prima domanda da porci \u00e8 la seguente: quanti consensi conquisterebber il suo movimento?\u00a0 A chi sottrarrebbe voti? Domanda di non facile risposta per diversi motivi. Non sappiamo con che tipo di legge elettorale andremo a votare. Non sappiamo se il generale Vannacci aggregher\u00e0 altre forze politiche, magari di quella che per definizione chiamiamo destra radicale. C&#8217;\u00e8 chi ipotizza che una nuova Forza politica guidata dal generale possa valere il 2% ma al momento nessun sondaggista la quota.<\/p>\n<p>Un&#8217;altra domanda da porsi \u00e8 la seguente: un eventuale partito di Vannacci a chi sottrarrebbe voti? Sicuramente alla Lega, movimento politico per il quale il generale \u00e8 stato candidato alle scorse elezione ed eletto in ben 4 dei 5 collegi elettorali conquistando oltre 500 mila voti di preferenza (la stragrande maggioranze dei suoi voti erano singoli) e in parte a Fratelli d&#8217;Italia, oltre che dalla galassia della cosiddetta destra radicale.<\/p>\n<p>Il generale Vannacci se dovesse confermare i voti delle Europee partirebbe da 500 Mila voti e se alle politiche dovessero votare circa 30 milioni di italiani partirebbe con poco meno del 2% senza considerare i voti che potrebbero arrivare da altri movimenti alleati del suo partito, singoli candidati oltre che dal classico voto di protesta.<\/p>\n<p>Con i se e con i ma non si fa la storia. Ad oggi Vannacci \u00e8 parlamentare europeo della Lega oltre che vice segretario federale. Se nascer\u00e0 questo suo movimento vedremo dove andr\u00e0 e che far\u00e0.<\/p>\n<p>&nbsp;<\/p>\n<p>&nbsp;<\/p>\n","protected":false},"excerpt":{"rendered":"<p>Chi vuole pi\u00f9 di tutti un ipotetico partito di Vannacci? Non credo il generale, che da poco ha ottenuto la tessera del Carroccio e il grado di vice segretario federale bens\u00ec i vannacciani, che cercano uno spazio politico ma che nella Lega non riescono a trovarlo. Basta leggere cosa scrivono questi fan di Vannacci sui [&hellip;]<\/p>\n","protected":false},"author":3,"featured_media":4092,"comment_status":"open","ping_status":"closed","sticky":false,"template":"","format":"standard","meta":{"om_disable_all_campaigns":false,"_monsterinsights_skip_tracking":false,"_monsterinsights_sitenote_active":false,"_monsterinsights_sitenote_note":"","_monsterinsights_sitenote_category":0,"_uf_show_specific_survey":0,"_uf_disable_surveys":false,"footnotes":""},"categories":[33],"tags":[],"class_list":{"0":"post-6454","1":"post","2":"type-post","3":"status-publish","4":"format-standard","5":"has-post-thumbnail","7":"category-politica"},"aioseo_notices":[],"_links":{"self":[{"href":"https:\/\/ilsovranista.com\/index.php?rest_route=\/wp\/v2\/posts\/6454","targetHints":{"allow":["GET"]}}],"collection":[{"href":"https:\/\/ilsovranista.com\/index.php?rest_route=\/wp\/v2\/posts"}],"about":[{"href":"https:\/\/ilsovranista.com\/index.php?rest_route=\/wp\/v2\/types\/post"}],"author":[{"embeddable":true,"href":"https:\/\/ilsovranista.com\/index.php?rest_route=\/wp\/v2\/users\/3"}],"replies":[{"embeddable":true,"href":"https:\/\/ilsovranista.com\/index.php?rest_route=%2Fwp%2Fv2%2Fcomments&post=6454"}],"version-history":[{"count":1,"href":"https:\/\/ilsovranista.com\/index.php?rest_route=\/wp\/v2\/posts\/6454\/revisions"}],"predecessor-version":[{"id":6455,"href":"https:\/\/ilsovranista.com\/index.php?rest_route=\/wp\/v2\/posts\/6454\/revisions\/6455"}],"wp:featuredmedia":[{"embeddable":true,"href":"https:\/\/ilsovranista.com\/index.php?rest_route=\/wp\/v2\/media\/4092"}],"wp:attachment":[{"href":"https:\/\/ilsovranista.com\/index.php?rest_route=%2Fwp%2Fv2%2Fmedia&parent=6454"}],"wp:term":[{"taxonomy":"category","embeddable":true,"href":"https:\/\/ilsovranista.com\/index.php?rest_route=%2Fwp%2Fv2%2Fcategories&post=6454"},{"taxonomy":"post_tag","embeddable":true,"href":"https:\/\/ilsovranista.com\/index.php?rest_route=%2Fwp%2Fv2%2Ftags&post=6454"}],"curies":[{"name":"wp","href":"https:\/\/api.w.org\/{rel}","templated":true}]}}