{"id":6444,"date":"2026-01-26T08:42:30","date_gmt":"2026-01-26T07:42:30","guid":{"rendered":"https:\/\/ilsovranista.com\/?p=6444"},"modified":"2026-01-26T08:42:30","modified_gmt":"2026-01-26T07:42:30","slug":"lega-alta-tensione-su-vannacci-salvini-blinda-stefani-come-vice","status":"publish","type":"post","link":"https:\/\/ilsovranista.com\/?p=6444","title":{"rendered":"Lega, alta tensione su Vannacci: Salvini blinda Stefani come vice"},"content":{"rendered":"<p>di <strong>Carlo<\/strong> <strong>Bertini<\/strong><\/p>\n<p>Fonte Il Nord Est<\/p>\n<p>Niente nomina a vicesegretario del Carroccio per <strong>Luca Zaia.<\/strong> Chi pensava che Alberto Stefani, il quarto vicesegretario della Lega potesse trasferire i suoi galloni sulla giacca di Luca Zaia, riconosciuto come uno dei personaggi pi\u00f9 di peso nel partito, se non come quello pi\u00f9 popolare dopo il segretario, rimarr\u00e0 deluso.<\/p>\n<p><strong>Matteo Salvini<\/strong> ha deciso che per il momento quella carica rester\u00e0 a Stefani, ben sapendo che il neo governatore ha tante di quelle gatte da pelare che il partito non \u00e8 certo in cima ai suoi pensieri. Anche se sta gestendo la transizione alla Liga Veneta, di cui era segretario.Quindi il peso politico di Vannacci \u00e8 cos\u00ec preponderante nella Lega che al leader non conviene opporgli una figura cos\u00ec ingombrante come il Doge. Il quale avrebbe tempo ed energie in questa nuova fase di vita per dedicarsi alla politica. E per provare a spostare al centro l\u2019asse del Carroccio.<\/p>\n<p>Ma la sua linea non sembra troppo in auge nella Lega, se non nelle regioni del Nord Est: l\u2019altro vicesegretario, il laziale Claudio Durigon, che stava intervistando Zaia l\u2019altra sera alla festa di Roccaraso, ad un certo punto lo ha bloccato: a quanto riportano le cronache, \u00e8 passato ad altre domande proprio mentre Zaia stava invocando una Lega meno fondamentalista e pi\u00f9 attenta ai diritti.<\/p>\n<p>Nessuno dimentica come l\u2019autore del Mondo al Contrario mesi fa ha apostrofato Zaia dopo le punture ricevute dall\u2019ex governatore, facendogli presente di non essere uno qualunque \u201cma il suo vicesegretario\u201d. Rivendicando con questa uscita brusca una sorta di potere gerarchico sul suo sottoposto. Un\u2019uscita che la dice lunga sul peso che questa carica pu\u00f2 rivestire negli equilibri interni.<\/p>\n<p>Il partito \u00e8 in subbuglio del resto, perch\u00e9 le manovre di Vannacci per la creazione di una sua forza autonoma mettono tutti in agitazione: il test in aula alla Camera sulle armi all\u2019Ucraina \u00e8 stato considerato un mezzo flop, perch\u00e9 solo due deputati hanno rotto l\u2019unit\u00e0 dicendo no, mentre gli altri hanno obbedito al segretario dando \u201cluce verde\u201d al decreto di maggioranza, che consente l\u2019invio di equipaggiamenti militari.<\/p>\n<p>Malgrado ci\u00f2, manovre grandi o piccole sono in corso anche nei territori e lo stesso Vannacci \u2013 intervistato dai giornali Nem \u2013 non ha escluso di voler dar vita ad una sua creatura politica. Che potrebbe intercettare i consensi della destra pi\u00f9 radicale, poco rappresentata dagli equilibrismi di Giorgia Meloni e dai penultimatum di Salvini su vari dossier. Quindi i leader della destra governativa, compreso Salvini che ogni giorno solleva un polverone per distinguersi, hanno paura. Al punto che i loro tecnici starebbero studiando una soluzione per sminare il terreno dalla minaccia del generale: fissare nella nuova legge elettorale la soglia di ingresso in Parlamento, per le forze non coalizzate, non pi\u00f9 al 3 ma al 4 per cento. In tal modo, secondo le stime, solo Carlo Calenda potrebbe superarla con Azione e magari allearsi con il centrodestra dopo a urne chiuse; mentre a Vannacci risulterebbe pi\u00f9 arduo, stando a sondaggi riservati.<\/p>\n<p>In ogni caso, pur senza un ruolo da vicesegretario, Zaia alegger\u00e0 lo stesso come una spada di Damocle sulla testa del segretario. Senza essere vicesegretario non potr\u00e0 opporre la stessa forza alla sua linea autonomista, pro-diritti e molto social, ponendola in totale antitesi a quella rappresentata dal generale.<\/p>\n<p>Ma la sua forza resta il consenso popolare e con quello Zaia sa di poter aspirare a futuri ruoli di governo e non solo: quando si tratter\u00e0 di misurarsi con le urne, Salvini dovr\u00e0 fare i conti con lui e offrirgli una sponda convinta per ottenere ruoli di peso nel futuro governo o ai vertici delle istituzioni, Camera o Senato. Per non inimicarsi del tutto il Doge e poter cos\u00ec capitalizzare il bacino di voti che Zaia ha dimostrato di poter avere anche senza la carica di governatore del Veneto.<\/p>\n<p>Un problema che il segretario dovr\u00e0 gestire forse anche con l\u2019altro governatore, Massimiliano Fedriga del Friuli, il quale, non potendo accedere ad un terzo mandato, potrebbe magari optare per lasciare la guida della regione in tempo per le politiche del 2027\u2026<\/p>\n","protected":false},"excerpt":{"rendered":"<p>di Carlo Bertini Fonte Il Nord Est Niente nomina a vicesegretario del Carroccio per Luca Zaia. Chi pensava che Alberto Stefani, il quarto vicesegretario della Lega potesse trasferire i suoi galloni sulla giacca di Luca Zaia, riconosciuto come uno dei personaggi pi\u00f9 di peso nel partito, se non come quello pi\u00f9 popolare dopo il segretario, [&hellip;]<\/p>\n","protected":false},"author":3,"featured_media":6445,"comment_status":"open","ping_status":"closed","sticky":false,"template":"","format":"standard","meta":{"om_disable_all_campaigns":false,"_monsterinsights_skip_tracking":false,"_monsterinsights_sitenote_active":false,"_monsterinsights_sitenote_note":"","_monsterinsights_sitenote_category":0,"_uf_show_specific_survey":0,"_uf_disable_surveys":false,"footnotes":""},"categories":[33],"tags":[],"class_list":{"0":"post-6444","1":"post","2":"type-post","3":"status-publish","4":"format-standard","5":"has-post-thumbnail","7":"category-politica"},"aioseo_notices":[],"_links":{"self":[{"href":"https:\/\/ilsovranista.com\/index.php?rest_route=\/wp\/v2\/posts\/6444","targetHints":{"allow":["GET"]}}],"collection":[{"href":"https:\/\/ilsovranista.com\/index.php?rest_route=\/wp\/v2\/posts"}],"about":[{"href":"https:\/\/ilsovranista.com\/index.php?rest_route=\/wp\/v2\/types\/post"}],"author":[{"embeddable":true,"href":"https:\/\/ilsovranista.com\/index.php?rest_route=\/wp\/v2\/users\/3"}],"replies":[{"embeddable":true,"href":"https:\/\/ilsovranista.com\/index.php?rest_route=%2Fwp%2Fv2%2Fcomments&post=6444"}],"version-history":[{"count":1,"href":"https:\/\/ilsovranista.com\/index.php?rest_route=\/wp\/v2\/posts\/6444\/revisions"}],"predecessor-version":[{"id":6446,"href":"https:\/\/ilsovranista.com\/index.php?rest_route=\/wp\/v2\/posts\/6444\/revisions\/6446"}],"wp:featuredmedia":[{"embeddable":true,"href":"https:\/\/ilsovranista.com\/index.php?rest_route=\/wp\/v2\/media\/6445"}],"wp:attachment":[{"href":"https:\/\/ilsovranista.com\/index.php?rest_route=%2Fwp%2Fv2%2Fmedia&parent=6444"}],"wp:term":[{"taxonomy":"category","embeddable":true,"href":"https:\/\/ilsovranista.com\/index.php?rest_route=%2Fwp%2Fv2%2Fcategories&post=6444"},{"taxonomy":"post_tag","embeddable":true,"href":"https:\/\/ilsovranista.com\/index.php?rest_route=%2Fwp%2Fv2%2Ftags&post=6444"}],"curies":[{"name":"wp","href":"https:\/\/api.w.org\/{rel}","templated":true}]}}