{"id":6441,"date":"2026-01-26T08:16:45","date_gmt":"2026-01-26T07:16:45","guid":{"rendered":"https:\/\/ilsovranista.com\/?p=6441"},"modified":"2026-01-26T08:16:45","modified_gmt":"2026-01-26T07:16:45","slug":"salvini-e-incompatibile-con-noi-tajani-e-calenda-si-smarcano-e-lavorano-al-grande-centro","status":"publish","type":"post","link":"https:\/\/ilsovranista.com\/?p=6441","title":{"rendered":"&#8220;Salvini \u00e8 incompatibile con noi&#8221; Tajani e Calenda si smarcano e lavorano al grande centro"},"content":{"rendered":"<p><strong>Carlo Calenda,\u00a0<\/strong>dal palco di Milano, ospite di un evento organizzato da <strong>Forza<\/strong> <strong>Italia\u00a0<\/strong>e&#8217; chiaro oltre che netto: &#8221; non posso stare con chi riceve neonazisti e cocainomani in un ministero della Repubblica Italiana&#8221;.<\/p>\n<p>Parole chiare, tipiche di un leader di una Forza di opposizione che alle ultime politiche ha provato ad essere distinto e distante da centro destra e centro sinistra.<\/p>\n<p>Discorso diverso \u00e8 per\u00a0<strong>Antonio Tajani, coordinatore nazionale di Forza Italia,\u00a0<\/strong>storico alleato della Lega che dichiara: &#8220;Robinson \u00e8 incompatibili con i nostri valori, Salvini veda chi vuole, noi facciamo il nostro&#8221;. A Milano, nel corso di una manifestazione per i 32 anni dalla nascita del movimento politico fondato da Silvio Berlusconi va in onda un tentativo di avvicinamento tra gli azzurri e gli azionisti di Calenda. D&#8217;altronde siamo a poco piu&#8217; di un anno dalle politiche. Il primo punto di incontro tra Forza Italia e Azione \u00e8 il si al referendum del 22 e 23 marzo, oltre ad una presa di distanza dalla Lega e da Matteo Salvini colpevole di aver incontrato Tommy Robinson, considerato leader dei fascisti inglesi.<\/p>\n<p>Calenda precisa: &#8220;non posso stare con gli anti occidentali che odiano s\u00e9 stessi, che sfilano con gli amici di Hamas ma non posso stare neanche con le quinte colonne di Putin o con chi inneggia alla X MAS perch\u00e9 se c&#8217;\u00e8 una cosa chiara di questi sovranisti \u00e8 che sono sempre sovranisti contro la loro patria, chiedendo anche le dimissioni di Salvini.<\/p>\n<p>Tajani nel corso del suo intervento, rimarca che &#8220;si devono allargare i confini della coalizione andando ad occupare gli spazi che sono stati lasciati aperti, il centro sinistra \u00e8 morto, esiste solo la sinistra. Bisogna puntare agli elettori smarriti per dare vita ad una Forza politica popolare, europeista, atlantista che sia il centro della politica&#8221;.<\/p>\n<p>Non so se potr\u00e0 nascere mai una alleanza tra Forza Italia ed Azione, ma se son rose fioriranno<!--more--><\/p>\n","protected":false},"excerpt":{"rendered":"<p>Carlo Calenda,\u00a0dal palco di Milano, ospite di un evento organizzato da Forza Italia\u00a0e&#8217; chiaro oltre che netto: &#8221; non posso stare con chi riceve neonazisti e cocainomani in un ministero della Repubblica Italiana&#8221;. Parole chiare, tipiche di un leader di una Forza di opposizione che alle ultime politiche ha provato ad essere distinto e distante [&hellip;]<\/p>\n","protected":false},"author":3,"featured_media":6442,"comment_status":"open","ping_status":"closed","sticky":false,"template":"","format":"standard","meta":{"om_disable_all_campaigns":false,"_monsterinsights_skip_tracking":false,"_monsterinsights_sitenote_active":false,"_monsterinsights_sitenote_note":"","_monsterinsights_sitenote_category":0,"_uf_show_specific_survey":0,"_uf_disable_surveys":false,"footnotes":""},"categories":[33],"tags":[],"class_list":{"0":"post-6441","1":"post","2":"type-post","3":"status-publish","4":"format-standard","5":"has-post-thumbnail","7":"category-politica"},"aioseo_notices":[],"_links":{"self":[{"href":"https:\/\/ilsovranista.com\/index.php?rest_route=\/wp\/v2\/posts\/6441","targetHints":{"allow":["GET"]}}],"collection":[{"href":"https:\/\/ilsovranista.com\/index.php?rest_route=\/wp\/v2\/posts"}],"about":[{"href":"https:\/\/ilsovranista.com\/index.php?rest_route=\/wp\/v2\/types\/post"}],"author":[{"embeddable":true,"href":"https:\/\/ilsovranista.com\/index.php?rest_route=\/wp\/v2\/users\/3"}],"replies":[{"embeddable":true,"href":"https:\/\/ilsovranista.com\/index.php?rest_route=%2Fwp%2Fv2%2Fcomments&post=6441"}],"version-history":[{"count":1,"href":"https:\/\/ilsovranista.com\/index.php?rest_route=\/wp\/v2\/posts\/6441\/revisions"}],"predecessor-version":[{"id":6443,"href":"https:\/\/ilsovranista.com\/index.php?rest_route=\/wp\/v2\/posts\/6441\/revisions\/6443"}],"wp:featuredmedia":[{"embeddable":true,"href":"https:\/\/ilsovranista.com\/index.php?rest_route=\/wp\/v2\/media\/6442"}],"wp:attachment":[{"href":"https:\/\/ilsovranista.com\/index.php?rest_route=%2Fwp%2Fv2%2Fmedia&parent=6441"}],"wp:term":[{"taxonomy":"category","embeddable":true,"href":"https:\/\/ilsovranista.com\/index.php?rest_route=%2Fwp%2Fv2%2Fcategories&post=6441"},{"taxonomy":"post_tag","embeddable":true,"href":"https:\/\/ilsovranista.com\/index.php?rest_route=%2Fwp%2Fv2%2Ftags&post=6441"}],"curies":[{"name":"wp","href":"https:\/\/api.w.org\/{rel}","templated":true}]}}