{"id":6435,"date":"2026-01-25T08:20:19","date_gmt":"2026-01-25T07:20:19","guid":{"rendered":"https:\/\/ilsovranista.com\/?p=6435"},"modified":"2026-01-25T08:20:38","modified_gmt":"2026-01-25T07:20:38","slug":"giustizia-barelli-fi-con-il-referendum-piu-garanzie-con-i-cittadini","status":"publish","type":"post","link":"https:\/\/ilsovranista.com\/?p=6435","title":{"rendered":"Giustizia, Barelli (Fi): con il referendum pi\u00f9 garanzie con i cittadini"},"content":{"rendered":"<p><strong>&#8220;Forza<\/strong> <strong>Italia<\/strong> \u00e8 nata per dare risposte concrete ai cittadini, e oggi pi\u00f9 che mai continuiamo a lavorare per rendere l\u2019Italia un Paese pi\u00f9 moderno, efficiente e giusto. In questo percorso, il garantismo \u00e8 e resta un pilastro della nostra identit\u00e0. Con il Referendum sulla giustizia \u2013 promosso anche grazie al contributo determinante del nostro partito \u2013 vogliamo affermare un principio chiaro: giudici e pubblici ministeri devono avere carriere separate per assicurare un giudice davvero imparziale e un equilibrio reale tra accusa e difesa&#8221;.<\/p>\n<p>&#8220;Lo ha dichiarato Paolo Barelli, presidente dei deputati di Forza Italia, intervenendo al convegno \u201cValori. Pi\u00f9 libert\u00e0, pi\u00f9 giustizia\u201d. Quella che portiamo avanti \u00e8 una battaglia di civilt\u00e0 giuridica \u2013 ha proseguito \u2013 per restituire piena dignit\u00e0 al principio della presunzione di innocenza e tutelare i cittadini da derive giustizialiste.<\/p>\n<p>&#8220;E&#8217; un impegno che affonda le sue radici nella visione riformatrice di Silvio Berlusconi, che ha sempre messo al centro la persona, i diritti e le garanzie. Oggi, portare avanti questa battaglia significa anche onorare la sua eredit\u00e0 politica e morale&#8221;<\/p>\n","protected":false},"excerpt":{"rendered":"<p>&#8220;Forza Italia \u00e8 nata per dare risposte concrete ai cittadini, e oggi pi\u00f9 che mai continuiamo a lavorare per rendere l\u2019Italia un Paese pi\u00f9 moderno, efficiente e giusto. In questo percorso, il garantismo \u00e8 e resta un pilastro della nostra identit\u00e0. Con il Referendum sulla giustizia \u2013 promosso anche grazie al contributo determinante del nostro [&hellip;]<\/p>\n","protected":false},"author":3,"featured_media":6436,"comment_status":"open","ping_status":"closed","sticky":false,"template":"","format":"standard","meta":{"om_disable_all_campaigns":false,"_monsterinsights_skip_tracking":false,"_monsterinsights_sitenote_active":false,"_monsterinsights_sitenote_note":"","_monsterinsights_sitenote_category":0,"_uf_show_specific_survey":0,"_uf_disable_surveys":false,"footnotes":""},"categories":[33],"tags":[],"class_list":{"0":"post-6435","1":"post","2":"type-post","3":"status-publish","4":"format-standard","5":"has-post-thumbnail","7":"category-politica"},"aioseo_notices":[],"_links":{"self":[{"href":"https:\/\/ilsovranista.com\/index.php?rest_route=\/wp\/v2\/posts\/6435","targetHints":{"allow":["GET"]}}],"collection":[{"href":"https:\/\/ilsovranista.com\/index.php?rest_route=\/wp\/v2\/posts"}],"about":[{"href":"https:\/\/ilsovranista.com\/index.php?rest_route=\/wp\/v2\/types\/post"}],"author":[{"embeddable":true,"href":"https:\/\/ilsovranista.com\/index.php?rest_route=\/wp\/v2\/users\/3"}],"replies":[{"embeddable":true,"href":"https:\/\/ilsovranista.com\/index.php?rest_route=%2Fwp%2Fv2%2Fcomments&post=6435"}],"version-history":[{"count":1,"href":"https:\/\/ilsovranista.com\/index.php?rest_route=\/wp\/v2\/posts\/6435\/revisions"}],"predecessor-version":[{"id":6437,"href":"https:\/\/ilsovranista.com\/index.php?rest_route=\/wp\/v2\/posts\/6435\/revisions\/6437"}],"wp:featuredmedia":[{"embeddable":true,"href":"https:\/\/ilsovranista.com\/index.php?rest_route=\/wp\/v2\/media\/6436"}],"wp:attachment":[{"href":"https:\/\/ilsovranista.com\/index.php?rest_route=%2Fwp%2Fv2%2Fmedia&parent=6435"}],"wp:term":[{"taxonomy":"category","embeddable":true,"href":"https:\/\/ilsovranista.com\/index.php?rest_route=%2Fwp%2Fv2%2Fcategories&post=6435"},{"taxonomy":"post_tag","embeddable":true,"href":"https:\/\/ilsovranista.com\/index.php?rest_route=%2Fwp%2Fv2%2Ftags&post=6435"}],"curies":[{"name":"wp","href":"https:\/\/api.w.org\/{rel}","templated":true}]}}