{"id":6430,"date":"2026-01-24T20:57:39","date_gmt":"2026-01-24T19:57:39","guid":{"rendered":"https:\/\/ilsovranista.com\/?p=6430"},"modified":"2026-01-24T20:57:39","modified_gmt":"2026-01-24T19:57:39","slug":"piacenza-in-3-mila-al-corteo-per-la-remigrazione-lanciata-la-raccolta-di-firme-per-la-proposta-di-legge","status":"publish","type":"post","link":"https:\/\/ilsovranista.com\/?p=6430","title":{"rendered":"Piacenza, in 3 mila al corteo per la Remigrazione. Lanciata la raccolta di firme per la proposta di legge"},"content":{"rendered":"<p>Il <strong>Comitato<\/strong> <strong>Remigrazione<\/strong> <strong>e<\/strong> <strong>Riconquista ha<\/strong> sfilato questo pomeriggio tra le vie centrali di Piacenza, come gi\u00e0 fatto a Brescia, portando in piazza oltre tremila cittadini. Dopo il lancio della raccolta firme per la proposta di legge legata al tema della Remigrazione, raccolta che inizier\u00e0 il prossimo 30 gennaio, il sodalizio identitario continua la propria opera su tutto il territorio nazionale.<\/p>\n<p>&#8220;Lo dobbiamo al nostro futuro&#8221;, si sente dal palco che ha accolto gli interventi nella parte finale della manifestazione. &#8220;La mafia antifascista&#8221;, dice <strong>Ivan<\/strong> <strong>Sogari<\/strong> uno dei promotori del comitato, &#8220;non ci fermer\u00e0 coi suoi sporchi giochi, noi continueremo a lottare al fianco del popolo italiano fino a quando la Remigrazione non sar\u00e0 una realt\u00e0&#8221;. I migliaia di manifestanti intonano l&#8217;Inno di Mameli e scandiscono all&#8217;unisono il coro &#8220;Italia, Nazione, Remigrazione&#8221;.<\/p>\n<p>&#8220;Quella che portiamo in piazza \u00e8 l&#8217;unica proposta concreta per difendere l&#8217;Italia&#8221;, si alza la voce di uno degli interventi. Vengono ricordate le tragiche vicende di Pamela Mastropietro, di Desir\u00e9e Mariottini e di Saman Abbas. &#8220;Siamo passati anche a Piacenza, poi saremo a Prato e a Bolzano. Ai primi di febbraio ci trovete in tutte le piazze italiane&#8221;, dice <strong>Salvatore Ferrara<\/strong> vicepresidente del comitato. &#8220;Voglio ricordare le decine di migliaia di messaggi che abbiamo ricevuto sui social, ci scrivono perch\u00e9 siamo politici di strada e sappiamo cosa serve per risolvere i problemi della Nazione. Ognuno di noi con la propria firma pu\u00f2 essere protagonista per attuare la Remigrazione. Tajani ha richiamato l&#8217;ambasciatore italiano per i fatti di Crans-Montana, ma quando succedono stupri commessi da stranieri nessun politico interviene&#8221;, conclude Ferrara.<\/p>\n<p>L&#8217;ultimo intervento spetta al presidente delComitato <strong>Luca Marsella<\/strong>. &#8220;Noi non dobbiamo avere paura, portiamo la nostra voce nei palazzi del potere in un&#8217;epoca che vorrebbe ridurci al silenzio. L&#8217;antifascismo voleva impedirci di sfilare in piazza oggi, ma non ci hanno fermato. Questo sistema mafioso ha le ore contate perch\u00e9 alcuni italiani non si arrendono. Guardate la fallimentare gestione dell&#8217;immigrazione, vogliono relegare in un angolo chi si oppone a tutto questo. Qui ci sono padri, madri, lavoratori, studenti e precari tutte persone che vogliono riprendersi l&#8217;Italia&#8221;, prosegue Marsella. &#8220;Pronunciamo la parola Remigrazione e rifiutiamo l&#8217;etichetta di deportazione, ma ci mettiamo la faccia qui non ci sono interessi personali. Non ci va bene il decreto flussi che nei prossimi tre anni porter\u00e0 altri 500mila immigrati, basta con questa retorica. Non esistono lavori che gli italiani non vogliono pi\u00f9 fare, ma devono esistere stipendi dignitosi non una manciata di euro per raccogliere i pomodori. La Remigrazione \u00e8 una questione di identit\u00e0 e dobbiamo invertire la rotta altrimenti spariremo. Chi vuole vietarci, venerd\u00ec prossimo, di parlare alla Camera \u00e8 un pagliaccio&#8221;. Il grido &#8220;Viva l&#8217;Italia&#8221; chiude la manifestazione ordinata e senza tensioni.<\/p>\n","protected":false},"excerpt":{"rendered":"<p>Il Comitato Remigrazione e Riconquista ha sfilato questo pomeriggio tra le vie centrali di Piacenza, come gi\u00e0 fatto a Brescia, portando in piazza oltre tremila cittadini. Dopo il lancio della raccolta firme per la proposta di legge legata al tema della Remigrazione, raccolta che inizier\u00e0 il prossimo 30 gennaio, il sodalizio identitario continua la propria [&hellip;]<\/p>\n","protected":false},"author":3,"featured_media":6431,"comment_status":"open","ping_status":"closed","sticky":false,"template":"","format":"standard","meta":{"om_disable_all_campaigns":false,"_monsterinsights_skip_tracking":false,"_monsterinsights_sitenote_active":false,"_monsterinsights_sitenote_note":"","_monsterinsights_sitenote_category":0,"_uf_show_specific_survey":0,"_uf_disable_surveys":false,"footnotes":""},"categories":[33],"tags":[],"class_list":{"0":"post-6430","1":"post","2":"type-post","3":"status-publish","4":"format-standard","5":"has-post-thumbnail","7":"category-politica"},"aioseo_notices":[],"_links":{"self":[{"href":"https:\/\/ilsovranista.com\/index.php?rest_route=\/wp\/v2\/posts\/6430","targetHints":{"allow":["GET"]}}],"collection":[{"href":"https:\/\/ilsovranista.com\/index.php?rest_route=\/wp\/v2\/posts"}],"about":[{"href":"https:\/\/ilsovranista.com\/index.php?rest_route=\/wp\/v2\/types\/post"}],"author":[{"embeddable":true,"href":"https:\/\/ilsovranista.com\/index.php?rest_route=\/wp\/v2\/users\/3"}],"replies":[{"embeddable":true,"href":"https:\/\/ilsovranista.com\/index.php?rest_route=%2Fwp%2Fv2%2Fcomments&post=6430"}],"version-history":[{"count":1,"href":"https:\/\/ilsovranista.com\/index.php?rest_route=\/wp\/v2\/posts\/6430\/revisions"}],"predecessor-version":[{"id":6432,"href":"https:\/\/ilsovranista.com\/index.php?rest_route=\/wp\/v2\/posts\/6430\/revisions\/6432"}],"wp:featuredmedia":[{"embeddable":true,"href":"https:\/\/ilsovranista.com\/index.php?rest_route=\/wp\/v2\/media\/6431"}],"wp:attachment":[{"href":"https:\/\/ilsovranista.com\/index.php?rest_route=%2Fwp%2Fv2%2Fmedia&parent=6430"}],"wp:term":[{"taxonomy":"category","embeddable":true,"href":"https:\/\/ilsovranista.com\/index.php?rest_route=%2Fwp%2Fv2%2Fcategories&post=6430"},{"taxonomy":"post_tag","embeddable":true,"href":"https:\/\/ilsovranista.com\/index.php?rest_route=%2Fwp%2Fv2%2Ftags&post=6430"}],"curies":[{"name":"wp","href":"https:\/\/api.w.org\/{rel}","templated":true}]}}