{"id":6421,"date":"2026-01-24T10:06:27","date_gmt":"2026-01-24T09:06:27","guid":{"rendered":"https:\/\/ilsovranista.com\/?p=6421"},"modified":"2026-01-24T10:06:27","modified_gmt":"2026-01-24T09:06:27","slug":"fassino-pd-e-inaccettabile-che-casapound-tenga-una-conferenza-alla-camera-dei-deputati","status":"publish","type":"post","link":"https:\/\/ilsovranista.com\/?p=6421","title":{"rendered":"Fassino (PD): \u00e8 inaccettabile che CasaPound tenga una conferenza alla Camera dei Deputati"},"content":{"rendered":"<p>E&#8217; inaccettabile che <strong>CasaPound<\/strong> tenga una conferenza stampa alla Camera dei Deputati. Una provocazione tanto pi\u00f9 grave perch\u00e9 sponsorizzata da un parlamentare che avalla cos\u00ec una organizzazione che costantemente viola palesemente il divieto &#8211; sancito dalla Costituzione e dalle leggi &#8211; di propalare in qualsiasi forma ideologie fasciste. Il Presidente Fontana intervenga a impedire lo sfregio ad un Parlamento fondato sui valori della democrazia.<\/p>\n<p>Lo scrive su X\u00a0<strong>Piero Fassino, deputato del Partito Democratico\u00a0<\/strong><\/p>\n","protected":false},"excerpt":{"rendered":"<p>E&#8217; inaccettabile che CasaPound tenga una conferenza stampa alla Camera dei Deputati. Una provocazione tanto pi\u00f9 grave perch\u00e9 sponsorizzata da un parlamentare che avalla cos\u00ec una organizzazione che costantemente viola palesemente il divieto &#8211; sancito dalla Costituzione e dalle leggi &#8211; di propalare in qualsiasi forma ideologie fasciste. Il Presidente Fontana intervenga a impedire lo [&hellip;]<\/p>\n","protected":false},"author":3,"featured_media":6422,"comment_status":"open","ping_status":"closed","sticky":false,"template":"","format":"standard","meta":{"om_disable_all_campaigns":false,"_monsterinsights_skip_tracking":false,"_monsterinsights_sitenote_active":false,"_monsterinsights_sitenote_note":"","_monsterinsights_sitenote_category":0,"_uf_show_specific_survey":0,"_uf_disable_surveys":false,"footnotes":""},"categories":[33],"tags":[],"class_list":{"0":"post-6421","1":"post","2":"type-post","3":"status-publish","4":"format-standard","5":"has-post-thumbnail","7":"category-politica"},"aioseo_notices":[],"_links":{"self":[{"href":"https:\/\/ilsovranista.com\/index.php?rest_route=\/wp\/v2\/posts\/6421","targetHints":{"allow":["GET"]}}],"collection":[{"href":"https:\/\/ilsovranista.com\/index.php?rest_route=\/wp\/v2\/posts"}],"about":[{"href":"https:\/\/ilsovranista.com\/index.php?rest_route=\/wp\/v2\/types\/post"}],"author":[{"embeddable":true,"href":"https:\/\/ilsovranista.com\/index.php?rest_route=\/wp\/v2\/users\/3"}],"replies":[{"embeddable":true,"href":"https:\/\/ilsovranista.com\/index.php?rest_route=%2Fwp%2Fv2%2Fcomments&post=6421"}],"version-history":[{"count":2,"href":"https:\/\/ilsovranista.com\/index.php?rest_route=\/wp\/v2\/posts\/6421\/revisions"}],"predecessor-version":[{"id":6429,"href":"https:\/\/ilsovranista.com\/index.php?rest_route=\/wp\/v2\/posts\/6421\/revisions\/6429"}],"wp:featuredmedia":[{"embeddable":true,"href":"https:\/\/ilsovranista.com\/index.php?rest_route=\/wp\/v2\/media\/6422"}],"wp:attachment":[{"href":"https:\/\/ilsovranista.com\/index.php?rest_route=%2Fwp%2Fv2%2Fmedia&parent=6421"}],"wp:term":[{"taxonomy":"category","embeddable":true,"href":"https:\/\/ilsovranista.com\/index.php?rest_route=%2Fwp%2Fv2%2Fcategories&post=6421"},{"taxonomy":"post_tag","embeddable":true,"href":"https:\/\/ilsovranista.com\/index.php?rest_route=%2Fwp%2Fv2%2Ftags&post=6421"}],"curies":[{"name":"wp","href":"https:\/\/api.w.org\/{rel}","templated":true}]}}