{"id":6324,"date":"2026-01-14T08:59:41","date_gmt":"2026-01-14T07:59:41","guid":{"rendered":"https:\/\/ilsovranista.com\/?p=6324"},"modified":"2026-01-14T08:59:41","modified_gmt":"2026-01-14T07:59:41","slug":"lultima-sfida-di-adinolfi-mi-candido-in-veneto-contro-la-lega-di-zaia","status":"publish","type":"post","link":"https:\/\/ilsovranista.com\/?p=6324","title":{"rendered":"L&#8217;ultima sfida di Adinolfi: &#8220;Mi candido in Veneto contro la Lega di Zaia&#8221;"},"content":{"rendered":"<p><strong>Mario Adinolfi<\/strong>, presidente del <strong>Popolo della<\/strong> <strong>Famiglia<\/strong>, annuncia l&#8217;impegno del movimento cattolico pro-life alle elezioni suppletive per i due collegi del Veneto che si terranno il 22 e 23 marzo.<\/p>\n<p>Mi candider\u00f2 nel collegio del Padovano mentre il segretario nazionale del partito, Mirko de Carli, sar\u00e0 candidato per il seggio di Rovigo&#8221;, afferma in una nota.<\/p>\n<p>Come <strong>Popolo della Famiglia<\/strong> abbiamo spesso collaborato con la Lega, ho un rapporto personale ottimo con Matteo Salvini e non \u00e8 un caso che il gruppo consiliare regionale dell&#8217;Emilia Romagna sia denominato Lega-Popolo della Famiglia. Ma in Veneto &#8211; sottolinea &#8211; la Lega \u00e8 Luca Zaia e Luca Zaia ha appena presentato un confuso manifesto in cinque punti &#8216;per una destra liberale&#8217; che \u00e8 in realt\u00e0 la fotografia dei danni che pu\u00f2 fare, in assenza di una profonda cultura propria, la subalternit\u00e0 ai diktat culturali della sinistra. In Veneto ad esempio Zaia sul fine vita si \u00e8 sdraiato sulle identiche posizioni di Marco Cappato e questo per noi cattolici del Popolo della Famiglia \u00e8 semplicemente inaccettabile.<\/p>\n","protected":false},"excerpt":{"rendered":"<p>Mario Adinolfi, presidente del Popolo della Famiglia, annuncia l&#8217;impegno del movimento cattolico pro-life alle elezioni suppletive per i due collegi del Veneto che si terranno il 22 e 23 marzo. Mi candider\u00f2 nel collegio del Padovano mentre il segretario nazionale del partito, Mirko de Carli, sar\u00e0 candidato per il seggio di Rovigo&#8221;, afferma in una [&hellip;]<\/p>\n","protected":false},"author":3,"featured_media":6325,"comment_status":"open","ping_status":"closed","sticky":false,"template":"","format":"standard","meta":{"om_disable_all_campaigns":false,"_monsterinsights_skip_tracking":false,"_monsterinsights_sitenote_active":false,"_monsterinsights_sitenote_note":"","_monsterinsights_sitenote_category":0,"_uf_show_specific_survey":0,"_uf_disable_surveys":false,"footnotes":""},"categories":[36],"tags":[],"class_list":{"0":"post-6324","1":"post","2":"type-post","3":"status-publish","4":"format-standard","5":"has-post-thumbnail","7":"category-prima-i-territori"},"aioseo_notices":[],"_links":{"self":[{"href":"https:\/\/ilsovranista.com\/index.php?rest_route=\/wp\/v2\/posts\/6324","targetHints":{"allow":["GET"]}}],"collection":[{"href":"https:\/\/ilsovranista.com\/index.php?rest_route=\/wp\/v2\/posts"}],"about":[{"href":"https:\/\/ilsovranista.com\/index.php?rest_route=\/wp\/v2\/types\/post"}],"author":[{"embeddable":true,"href":"https:\/\/ilsovranista.com\/index.php?rest_route=\/wp\/v2\/users\/3"}],"replies":[{"embeddable":true,"href":"https:\/\/ilsovranista.com\/index.php?rest_route=%2Fwp%2Fv2%2Fcomments&post=6324"}],"version-history":[{"count":1,"href":"https:\/\/ilsovranista.com\/index.php?rest_route=\/wp\/v2\/posts\/6324\/revisions"}],"predecessor-version":[{"id":6326,"href":"https:\/\/ilsovranista.com\/index.php?rest_route=\/wp\/v2\/posts\/6324\/revisions\/6326"}],"wp:featuredmedia":[{"embeddable":true,"href":"https:\/\/ilsovranista.com\/index.php?rest_route=\/wp\/v2\/media\/6325"}],"wp:attachment":[{"href":"https:\/\/ilsovranista.com\/index.php?rest_route=%2Fwp%2Fv2%2Fmedia&parent=6324"}],"wp:term":[{"taxonomy":"category","embeddable":true,"href":"https:\/\/ilsovranista.com\/index.php?rest_route=%2Fwp%2Fv2%2Fcategories&post=6324"},{"taxonomy":"post_tag","embeddable":true,"href":"https:\/\/ilsovranista.com\/index.php?rest_route=%2Fwp%2Fv2%2Ftags&post=6324"}],"curies":[{"name":"wp","href":"https:\/\/api.w.org\/{rel}","templated":true}]}}